{"id":2012,"date":"2023-03-29T18:29:49","date_gmt":"2023-03-29T16:29:49","guid":{"rendered":"https:\/\/poid84.fr\/?p=2012"},"modified":"2024-02-20T07:20:33","modified_gmt":"2024-02-20T06:20:33","slug":"17-mars-2023-communique-du-poid-84-non-a-la-fermeture-des-urgences-de-lhopital-de-carpentras","status":"publish","type":"post","link":"https:\/\/pt84.fr\/index.php\/17-mars-2023-communique-du-poid-84-non-a-la-fermeture-des-urgences-de-lhopital-de-carpentras\/","title":{"rendered":"17 mars 2023 &#8211; Communiqu\u00e9 du POid 84 &#8211; Non \u00e0 la fermeture des urgences de l&#8217;h\u00f4pital de Carpentras"},"content":{"rendered":"\n<h3 class=\"has-text-align-center has-vivid-red-color has-text-color wp-block-heading\">L&#8217;h\u00f4pital de Carpentras est dans la tourmente mais ce sont tous les h\u00f4pitaux du d\u00e9partement qui souffrent<\/h3>\n\n\n\n<figure class=\"wp-block-image size-full is-resized is-style-default\"><img loading=\"lazy\" decoding=\"async\" src=\"https:\/\/pt84.fr\/wp-content\/uploads\/2023\/03\/hopital-carpentras-rassemblement-lettre.jpg\" alt=\"\" class=\"wp-image-2011\" width=\"841\" height=\"379\" srcset=\"https:\/\/pt84.fr\/wp-content\/uploads\/2023\/03\/hopital-carpentras-rassemblement-lettre.jpg 510w, https:\/\/pt84.fr\/wp-content\/uploads\/2023\/03\/hopital-carpentras-rassemblement-lettre-300x135.jpg 300w, https:\/\/pt84.fr\/wp-content\/uploads\/2023\/03\/hopital-carpentras-rassemblement-lettre-239x108.jpg 239w\" sizes=\"auto, (max-width: 841px) 100vw, 841px\" \/><\/figure>\n\n\n\n<div class=\"wp-block-pdfjsblock-pdfjs-embed pdfjs-wrapper\"><\/div>\n","protected":false},"excerpt":{"rendered":"<p>L&#8217;h\u00f4pital de Carpentras est dans la tourmente mais ce sont tous les h\u00f4pitaux du d\u00e9partement qui souffrent<\/p>\n","protected":false},"author":1,"featured_media":0,"comment_status":"closed","ping_status":"closed","sticky":false,"template":"","format":"standard","meta":{"footnotes":""},"categories":[15],"tags":[],"class_list":["post-2012","post","type-post","status-publish","format-standard","hentry","category-infos-vaucluse"],"yoast_head":"<!-- This site is optimized with the Yoast SEO plugin v21.7 - https:\/\/yoast.com\/wordpress\/plugins\/seo\/ -->\n<title>17 mars 2023 - Communiqu\u00e9 du POid 84 - Non \u00e0 la fermeture des urgences de l&#039;h\u00f4pital de Carpentras - Parti des Travailleurs - Vaucluse<\/title>\n<meta name=\"robots\" content=\"index, follow, max-snippet:-1, max-image-preview:large, max-video-preview:-1\" \/>\n<link rel=\"canonical\" href=\"https:\/\/pt84.fr\/index.php\/17-mars-2023-communique-du-poid-84-non-a-la-fermeture-des-urgences-de-lhopital-de-carpentras\/\" \/>\n<meta property=\"og:locale\" content=\"fr_FR\" \/>\n<meta property=\"og:type\" content=\"article\" \/>\n<meta property=\"og:title\" content=\"17 mars 2023 - Communiqu\u00e9 du POid 84 - Non \u00e0 la fermeture des urgences de l&#039;h\u00f4pital de Carpentras - Parti des Travailleurs - Vaucluse\" \/>\n<meta property=\"og:description\" content=\"L&#8217;h\u00f4pital de Carpentras est dans la tourmente mais ce sont tous les h\u00f4pitaux du d\u00e9partement qui souffrent\" \/>\n<meta property=\"og:url\" content=\"https:\/\/pt84.fr\/index.php\/17-mars-2023-communique-du-poid-84-non-a-la-fermeture-des-urgences-de-lhopital-de-carpentras\/\" \/>\n<meta property=\"og:site_name\" content=\"Parti des Travailleurs - Vaucluse\" \/>\n<meta property=\"article:published_time\" content=\"2023-03-29T16:29:49+00:00\" \/>\n<meta property=\"article:modified_time\" content=\"2024-02-20T06:20:33+00:00\" \/>\n<meta property=\"og:image\" content=\"https:\/\/pt84.fr\/wp-content\/uploads\/2023\/03\/hopital-carpentras-rassemblement-lettre.jpg\" \/>\n<meta name=\"author\" content=\"Jacno\" \/>\n<meta name=\"twitter:card\" content=\"summary_large_image\" \/>\n<meta name=\"twitter:label1\" content=\"\u00c9crit par\" \/>\n\t<meta name=\"twitter:data1\" content=\"Jacno\" \/>\n\t<meta name=\"twitter:label2\" content=\"Dur\u00e9e de lecture estim\u00e9e\" \/>\n\t<meta name=\"twitter:data2\" content=\"1 minute\" \/>\n<script type=\"application\/ld+json\" class=\"yoast-schema-graph\">{\"@context\":\"https:\/\/schema.org\",\"@graph\":[{\"@type\":\"Article\",\"@id\":\"https:\/\/pt84.fr\/index.php\/17-mars-2023-communique-du-poid-84-non-a-la-fermeture-des-urgences-de-lhopital-de-carpentras\/#article\",\"isPartOf\":{\"@id\":\"https:\/\/pt84.fr\/index.php\/17-mars-2023-communique-du-poid-84-non-a-la-fermeture-des-urgences-de-lhopital-de-carpentras\/\"},\"author\":{\"name\":\"Jacno\",\"@id\":\"https:\/\/pt84.fr\/#\/schema\/person\/8a8e3e58f6b52c1ca2f299f6dd1d9e1e\"},\"headline\":\"17 mars 2023 &#8211; Communiqu\u00e9 du POid 84 &#8211; Non \u00e0 la fermeture des urgences de l&#8217;h\u00f4pital de Carpentras\",\"datePublished\":\"2023-03-29T16:29:49+00:00\",\"dateModified\":\"2024-02-20T06:20:33+00:00\",\"mainEntityOfPage\":{\"@id\":\"https:\/\/pt84.fr\/index.php\/17-mars-2023-communique-du-poid-84-non-a-la-fermeture-des-urgences-de-lhopital-de-carpentras\/\"},\"wordCount\":80,\"publisher\":{\"@id\":\"https:\/\/pt84.fr\/#organization\"},\"articleSection\":[\"Infos-activit\u00e9s\"],\"inLanguage\":\"fr-FR\"},{\"@type\":\"WebPage\",\"@id\":\"https:\/\/pt84.fr\/index.php\/17-mars-2023-communique-du-poid-84-non-a-la-fermeture-des-urgences-de-lhopital-de-carpentras\/\",\"url\":\"https:\/\/pt84.fr\/index.php\/17-mars-2023-communique-du-poid-84-non-a-la-fermeture-des-urgences-de-lhopital-de-carpentras\/\",\"name\":\"17 mars 2023 - Communiqu\u00e9 du POid 84 - Non \u00e0 la fermeture des urgences de l'h\u00f4pital de Carpentras - Parti des Travailleurs - Vaucluse\",\"isPartOf\":{\"@id\":\"https:\/\/pt84.fr\/#website\"},\"datePublished\":\"2023-03-29T16:29:49+00:00\",\"dateModified\":\"2024-02-20T06:20:33+00:00\",\"breadcrumb\":{\"@id\":\"https:\/\/pt84.fr\/index.php\/17-mars-2023-communique-du-poid-84-non-a-la-fermeture-des-urgences-de-lhopital-de-carpentras\/#breadcrumb\"},\"inLanguage\":\"fr-FR\",\"potentialAction\":[{\"@type\":\"ReadAction\",\"target\":[\"https:\/\/pt84.fr\/index.php\/17-mars-2023-communique-du-poid-84-non-a-la-fermeture-des-urgences-de-lhopital-de-carpentras\/\"]}]},{\"@type\":\"BreadcrumbList\",\"@id\":\"https:\/\/pt84.fr\/index.php\/17-mars-2023-communique-du-poid-84-non-a-la-fermeture-des-urgences-de-lhopital-de-carpentras\/#breadcrumb\",\"itemListElement\":[{\"@type\":\"ListItem\",\"position\":1,\"name\":\"Accueil\",\"item\":\"https:\/\/pt84.fr\/\"},{\"@type\":\"ListItem\",\"position\":2,\"name\":\"17 mars 2023 &#8211; Communiqu\u00e9 du POid 84 &#8211; Non \u00e0 la fermeture des urgences de l&#8217;h\u00f4pital de Carpentras\"}]},{\"@type\":\"WebSite\",\"@id\":\"https:\/\/pt84.fr\/#website\",\"url\":\"https:\/\/pt84.fr\/\",\"name\":\"Parti des Travailleurs - Vaucluse\",\"description\":\"L&#039;\u00e9mancipation des travailleurs sera l&#039;\u0153uvre des travailleurs eux-m\u00eames\",\"publisher\":{\"@id\":\"https:\/\/pt84.fr\/#organization\"},\"alternateName\":\"PT84\",\"potentialAction\":[{\"@type\":\"SearchAction\",\"target\":{\"@type\":\"EntryPoint\",\"urlTemplate\":\"https:\/\/pt84.fr\/?s={search_term_string}\"},\"query-input\":\"required name=search_term_string\"}],\"inLanguage\":\"fr-FR\"},{\"@type\":\"Organization\",\"@id\":\"https:\/\/pt84.fr\/#organization\",\"name\":\"Parti des Travailleurs - Vaucluse\",\"url\":\"https:\/\/pt84.fr\/\",\"logo\":{\"@type\":\"ImageObject\",\"inLanguage\":\"fr-FR\",\"@id\":\"https:\/\/pt84.fr\/#\/schema\/logo\/image\/\",\"url\":\"https:\/\/pt84.fr\/wp-content\/uploads\/2023\/12\/logo-parti_des_travailleurs-2-lignes.jpg\",\"contentUrl\":\"https:\/\/pt84.fr\/wp-content\/uploads\/2023\/12\/logo-parti_des_travailleurs-2-lignes.jpg\",\"width\":496,\"height\":157,\"caption\":\"Parti des Travailleurs - Vaucluse\"},\"image\":{\"@id\":\"https:\/\/pt84.fr\/#\/schema\/logo\/image\/\"}},{\"@type\":\"Person\",\"@id\":\"https:\/\/pt84.fr\/#\/schema\/person\/8a8e3e58f6b52c1ca2f299f6dd1d9e1e\",\"name\":\"Jacno\",\"image\":{\"@type\":\"ImageObject\",\"inLanguage\":\"fr-FR\",\"@id\":\"https:\/\/pt84.fr\/#\/schema\/person\/image\/\",\"url\":\"https:\/\/secure.gravatar.com\/avatar\/f71dfe30c1cb4da11508c2fb960e32b5fb4d198f6c43239d094cbf845dbd1a04?s=96&d=mm&r=g\",\"contentUrl\":\"https:\/\/secure.gravatar.com\/avatar\/f71dfe30c1cb4da11508c2fb960e32b5fb4d198f6c43239d094cbf845dbd1a04?s=96&d=mm&r=g\",\"caption\":\"Jacno\"},\"sameAs\":[\"http:\/\/pt84.fr\"],\"url\":\"https:\/\/pt84.fr\/index.php\/author\/admin4322\/\"}]}<\/script>\n<!-- \/ Yoast SEO plugin. -->","yoast_head_json":{"title":"17 mars 2023 - Communiqu\u00e9 du POid 84 - Non \u00e0 la fermeture des urgences de l'h\u00f4pital de Carpentras - Parti des Travailleurs - Vaucluse","robots":{"index":"index","follow":"follow","max-snippet":"max-snippet:-1","max-image-preview":"max-image-preview:large","max-video-preview":"max-video-preview:-1"},"canonical":"https:\/\/pt84.fr\/index.php\/17-mars-2023-communique-du-poid-84-non-a-la-fermeture-des-urgences-de-lhopital-de-carpentras\/","og_locale":"fr_FR","og_type":"article","og_title":"17 mars 2023 - Communiqu\u00e9 du POid 84 - Non \u00e0 la fermeture des urgences de l'h\u00f4pital de Carpentras - Parti des Travailleurs - Vaucluse","og_description":"L&#8217;h\u00f4pital de Carpentras est dans la tourmente mais ce sont tous les h\u00f4pitaux du d\u00e9partement qui souffrent","og_url":"https:\/\/pt84.fr\/index.php\/17-mars-2023-communique-du-poid-84-non-a-la-fermeture-des-urgences-de-lhopital-de-carpentras\/","og_site_name":"Parti des Travailleurs - Vaucluse","article_published_time":"2023-03-29T16:29:49+00:00","article_modified_time":"2024-02-20T06:20:33+00:00","og_image":[{"url":"https:\/\/pt84.fr\/wp-content\/uploads\/2023\/03\/hopital-carpentras-rassemblement-lettre.jpg"}],"author":"Jacno","twitter_card":"summary_large_image","twitter_misc":{"\u00c9crit par":"Jacno","Dur\u00e9e de lecture estim\u00e9e":"1 minute"},"schema":{"@context":"https:\/\/schema.org","@graph":[{"@type":"Article","@id":"https:\/\/pt84.fr\/index.php\/17-mars-2023-communique-du-poid-84-non-a-la-fermeture-des-urgences-de-lhopital-de-carpentras\/#article","isPartOf":{"@id":"https:\/\/pt84.fr\/index.php\/17-mars-2023-communique-du-poid-84-non-a-la-fermeture-des-urgences-de-lhopital-de-carpentras\/"},"author":{"name":"Jacno","@id":"https:\/\/pt84.fr\/#\/schema\/person\/8a8e3e58f6b52c1ca2f299f6dd1d9e1e"},"headline":"17 mars 2023 &#8211; Communiqu\u00e9 du POid 84 &#8211; Non \u00e0 la fermeture des urgences de l&#8217;h\u00f4pital de Carpentras","datePublished":"2023-03-29T16:29:49+00:00","dateModified":"2024-02-20T06:20:33+00:00","mainEntityOfPage":{"@id":"https:\/\/pt84.fr\/index.php\/17-mars-2023-communique-du-poid-84-non-a-la-fermeture-des-urgences-de-lhopital-de-carpentras\/"},"wordCount":80,"publisher":{"@id":"https:\/\/pt84.fr\/#organization"},"articleSection":["Infos-activit\u00e9s"],"inLanguage":"fr-FR"},{"@type":"WebPage","@id":"https:\/\/pt84.fr\/index.php\/17-mars-2023-communique-du-poid-84-non-a-la-fermeture-des-urgences-de-lhopital-de-carpentras\/","url":"https:\/\/pt84.fr\/index.php\/17-mars-2023-communique-du-poid-84-non-a-la-fermeture-des-urgences-de-lhopital-de-carpentras\/","name":"17 mars 2023 - Communiqu\u00e9 du POid 84 - Non \u00e0 la fermeture des urgences de l'h\u00f4pital de Carpentras - Parti des Travailleurs - Vaucluse","isPartOf":{"@id":"https:\/\/pt84.fr\/#website"},"datePublished":"2023-03-29T16:29:49+00:00","dateModified":"2024-02-20T06:20:33+00:00","breadcrumb":{"@id":"https:\/\/pt84.fr\/index.php\/17-mars-2023-communique-du-poid-84-non-a-la-fermeture-des-urgences-de-lhopital-de-carpentras\/#breadcrumb"},"inLanguage":"fr-FR","potentialAction":[{"@type":"ReadAction","target":["https:\/\/pt84.fr\/index.php\/17-mars-2023-communique-du-poid-84-non-a-la-fermeture-des-urgences-de-lhopital-de-carpentras\/"]}]},{"@type":"BreadcrumbList","@id":"https:\/\/pt84.fr\/index.php\/17-mars-2023-communique-du-poid-84-non-a-la-fermeture-des-urgences-de-lhopital-de-carpentras\/#breadcrumb","itemListElement":[{"@type":"ListItem","position":1,"name":"Accueil","item":"https:\/\/pt84.fr\/"},{"@type":"ListItem","position":2,"name":"17 mars 2023 &#8211; Communiqu\u00e9 du POid 84 &#8211; Non \u00e0 la fermeture des urgences de l&#8217;h\u00f4pital de Carpentras"}]},{"@type":"WebSite","@id":"https:\/\/pt84.fr\/#website","url":"https:\/\/pt84.fr\/","name":"Parti des Travailleurs - Vaucluse","description":"L&#039;\u00e9mancipation des travailleurs sera l&#039;\u0153uvre des travailleurs eux-m\u00eames","publisher":{"@id":"https:\/\/pt84.fr\/#organization"},"alternateName":"PT84","potentialAction":[{"@type":"SearchAction","target":{"@type":"EntryPoint","urlTemplate":"https:\/\/pt84.fr\/?s={search_term_string}"},"query-input":"required name=search_term_string"}],"inLanguage":"fr-FR"},{"@type":"Organization","@id":"https:\/\/pt84.fr\/#organization","name":"Parti des Travailleurs - Vaucluse","url":"https:\/\/pt84.fr\/","logo":{"@type":"ImageObject","inLanguage":"fr-FR","@id":"https:\/\/pt84.fr\/#\/schema\/logo\/image\/","url":"https:\/\/pt84.fr\/wp-content\/uploads\/2023\/12\/logo-parti_des_travailleurs-2-lignes.jpg","contentUrl":"https:\/\/pt84.fr\/wp-content\/uploads\/2023\/12\/logo-parti_des_travailleurs-2-lignes.jpg","width":496,"height":157,"caption":"Parti des Travailleurs - Vaucluse"},"image":{"@id":"https:\/\/pt84.fr\/#\/schema\/logo\/image\/"}},{"@type":"Person","@id":"https:\/\/pt84.fr\/#\/schema\/person\/8a8e3e58f6b52c1ca2f299f6dd1d9e1e","name":"Jacno","image":{"@type":"ImageObject","inLanguage":"fr-FR","@id":"https:\/\/pt84.fr\/#\/schema\/person\/image\/","url":"https:\/\/secure.gravatar.com\/avatar\/f71dfe30c1cb4da11508c2fb960e32b5fb4d198f6c43239d094cbf845dbd1a04?s=96&d=mm&r=g","contentUrl":"https:\/\/secure.gravatar.com\/avatar\/f71dfe30c1cb4da11508c2fb960e32b5fb4d198f6c43239d094cbf845dbd1a04?s=96&d=mm&r=g","caption":"Jacno"},"sameAs":["http:\/\/pt84.fr"],"url":"https:\/\/pt84.fr\/index.php\/author\/admin4322\/"}]}},"_links":{"self":[{"href":"https:\/\/pt84.fr\/index.php\/wp-json\/wp\/v2\/posts\/2012","targetHints":{"allow":["GET"]}}],"collection":[{"href":"https:\/\/pt84.fr\/index.php\/wp-json\/wp\/v2\/posts"}],"about":[{"href":"https:\/\/pt84.fr\/index.php\/wp-json\/wp\/v2\/types\/post"}],"author":[{"embeddable":true,"href":"https:\/\/pt84.fr\/index.php\/wp-json\/wp\/v2\/users\/1"}],"replies":[{"embeddable":true,"href":"https:\/\/pt84.fr\/index.php\/wp-json\/wp\/v2\/comments?post=2012"}],"version-history":[{"count":1,"href":"https:\/\/pt84.fr\/index.php\/wp-json\/wp\/v2\/posts\/2012\/revisions"}],"predecessor-version":[{"id":2574,"href":"https:\/\/pt84.fr\/index.php\/wp-json\/wp\/v2\/posts\/2012\/revisions\/2574"}],"wp:attachment":[{"href":"https:\/\/pt84.fr\/index.php\/wp-json\/wp\/v2\/media?parent=2012"}],"wp:term":[{"taxonomy":"category","embeddable":true,"href":"https:\/\/pt84.fr\/index.php\/wp-json\/wp\/v2\/categories?post=2012"},{"taxonomy":"post_tag","embeddable":true,"href":"https:\/\/pt84.fr\/index.php\/wp-json\/wp\/v2\/tags?post=2012"}],"curies":[{"name":"wp","href":"https:\/\/api.w.org\/{rel}","templated":true}]}}