{"id":2719,"date":"2024-04-30T19:37:48","date_gmt":"2024-04-30T17:37:48","guid":{"rendered":"https:\/\/pt84.fr\/?p=2719"},"modified":"2024-04-30T19:40:10","modified_gmt":"2024-04-30T17:40:10","slug":"cest-une-seule-et-meme-guerre-quil-faut-combattre","status":"publish","type":"post","link":"https:\/\/pt84.fr\/index.php\/cest-une-seule-et-meme-guerre-quil-faut-combattre\/","title":{"rendered":"C\u2019est une seule et m\u00eame guerre qu\u2019il faut combattre"},"content":{"rendered":"\n<h3 class=\"wp-block-heading has-text-align-center has-vivid-red-color has-text-color has-link-color wp-elements-c611cb28f53de1947cdc9b068c29b37a\">\u00c9ditorial de La Tribune des Travailleurs n\u00b0 438 du 30 avril 2024<\/h3>\n\n\n<div class=\"wp-block-image\">\n<figure class=\"alignright size-full\"><img loading=\"lazy\" decoding=\"async\" width=\"250\" height=\"350\" src=\"https:\/\/pt84.fr\/wp-content\/uploads\/2024\/04\/IMG_0918.jpeg\" alt=\"\" class=\"wp-image-2721\" srcset=\"https:\/\/pt84.fr\/wp-content\/uploads\/2024\/04\/IMG_0918.jpeg 250w, https:\/\/pt84.fr\/wp-content\/uploads\/2024\/04\/IMG_0918-214x300.jpeg 214w, https:\/\/pt84.fr\/wp-content\/uploads\/2024\/04\/IMG_0918-77x108.jpeg 77w\" sizes=\"auto, (max-width: 250px) 100vw, 250px\" \/><\/figure>\n<\/div>\n\n\n<p>Par Daniel Gluckstein<\/p>\n\n\n\n<p>\u00c0 l\u2019heure o\u00f9 ces lignes sont r\u00e9dig\u00e9es, le monde a les yeux tourn\u00e9s vers Rafah. Si l\u2019intervention annonc\u00e9e de l\u2019arm\u00e9e isra\u00e9lienne avait lieu, elle y ferait des milliers de victimes s\u2019ajoutant aux pr\u00e8s de 40&nbsp;000&nbsp;morts d\u00e9j\u00e0 provoqu\u00e9es.<\/p>\n\n\n\n<p>Au m\u00eame moment, la guerre s\u2019intensifie au centre de l\u2019Europe. Macron franchit un cran en proposant une \u00ab&nbsp;d\u00e9fense europ\u00e9enne&nbsp;\u00bb mutualisant l\u2019arme nucl\u00e9aire.<\/p>\n\n\n\n<p>Le monde marche \u00e0 la guerre\u2026<\/p>\n\n\n\n<p>Pourtant, ceux qui, \u00ab&nbsp;\u00e0 gauche&nbsp;\u00bb, condamnent le soutien apport\u00e9 par les gouvernements capitalistes \u00e0 Netanyahou refusent de condamner le soutien apport\u00e9 par les m\u00eames gouvernements \u00e0 Zelensky. Les m\u00eames qui, \u00ab&nbsp;\u00e0 gauche&nbsp;\u00bb, demandent l\u2019arr\u00eat des livraisons d\u2019armes \u00e0 Isra\u00ebl refusent de condamner les livraisons d\u2019armes \u00e0 l\u2019Ukraine. Pire, au Congr\u00e8s am\u00e9ricain comme au Parlement europ\u00e9en, ces \u00ab&nbsp;d\u00e9put\u00e9s de gauche&nbsp;\u00bb votent pour ces livraisons d\u2019armes.<\/p>\n\n\n\n<p>Les deux questions peuvent-elles \u00eatre s\u00e9par\u00e9es&nbsp;? En soumettant au vote le m\u00eame jour et dans un m\u00eame mouvement les 61&nbsp;milliards d\u2019\u00ab&nbsp;aide \u00e0 l\u2019Ukraine&nbsp;\u00bb et les 26&nbsp;milliards d\u2019\u00ab&nbsp;aide \u00e0 Isra\u00ebl&nbsp;\u00bb, Biden a parl\u00e9 clairement&nbsp;: c\u2019est une seule et m\u00eame guerre qu\u2019il m\u00e8ne contre les travailleurs et les peuples.<\/p>\n\n\n\n<p>Macron le sait, membre de la m\u00eame alliance \u2013&nbsp;l\u2019OTAN&nbsp;\u2013, dirig\u00e9e par l\u2019imp\u00e9rialisme am\u00e9ricain.<\/p>\n\n\n\n<p>On nous objecte parfois&nbsp;: \u00ab&nbsp;L\u2019Ukraine, ce n\u2019est pas pareil&nbsp;\u00bb car, en face, Poutine la menace. Que Poutine soit un ennemi de la classe ouvri\u00e8re, de la d\u00e9mocratie et des libert\u00e9s, cela ne fait aucun doute. Mais qui peut croire que c\u2019est par amour de la libert\u00e9 et de la souverainet\u00e9 des peuples que Macron finance la guerre en Ukraine&nbsp;? Si sa motivation \u00e9tait d\u2019aider un peuple soumis \u00e0 l\u2019invasion \u00e9trang\u00e8re, pourquoi n\u2019arme-t-il pas le peuple palestinien qui, depuis soixante-quinze ans, est victime de la colonisation isra\u00e9lienne&nbsp;?<\/p>\n\n\n\n<p>Non, personne ne peut croire que Macron et Biden sont pouss\u00e9s par l\u2019amour de la libert\u00e9. C\u2019est la pr\u00e9servation de l\u2019\u00ab&nbsp;ordre&nbsp;\u00bb imp\u00e9rialiste qui les am\u00e8ne \u00e0 s\u2019engager au Moyen-Orient derri\u00e8re Netanyahou. C\u2019est pour d\u00e9fendre les int\u00e9r\u00eats des oligarques de Washington et de Paris contre ceux des oligarques de Moscou qu\u2019ils s\u2019engagent en Ukraine.<\/p>\n\n\n\n<p>Biden, Macron et Poutine sont d\u2019accord sur un point&nbsp;: les \u00ab&nbsp;grandes puissances&nbsp;\u00bb ont le droit de d\u00e9cider \u00e0 la place des peuples. Leur d\u00e9saccord porte sur un point&nbsp;: les d\u00e9cisions doivent-elles \u00eatre prises \u00e0 Washington ou \u00e0 Moscou&nbsp;?<\/p>\n\n\n\n<p>La politique de chaque gouvernement imp\u00e9rialiste forme un tout. En ce qui concerne les travailleurs et les jeunes en France, ils constatent que ce gouvernement Macron m\u00e8ne \u00e0 l\u2019ext\u00e9rieur une guerre pour d\u00e9fendre les int\u00e9r\u00eats capitalistes de la m\u00eame mani\u00e8re qu\u2019il m\u00e8ne en France la guerre contre les int\u00e9r\u00eats des travailleurs et de la jeunesse.<\/p>\n\n\n\n<p>Voil\u00e0 pourquoi le mot d\u2019ordre \u00ab&nbsp;Pas un sou, pas une arme, pas un homme pour la guerre&nbsp;!&nbsp;\u00bb s\u2019oppose aussi bien \u00e0 la politique de Macron \u00e0 l\u2019ext\u00e9rieur \u2013&nbsp;au Moyen-Orient, en Europe centrale, en Afrique\u2026&nbsp;\u2013 qu\u2019\u00e0 sa politique \u00e0 l\u2019int\u00e9rieur contre les travailleurs et la jeunesse.<\/p>\n","protected":false},"excerpt":{"rendered":"<p>\u00c9ditorial de La Tribune des Travailleurs n\u00b0 438 du 30 avril 2024 Par Daniel Gluckstein \u00c0 l\u2019heure o\u00f9 ces lignes sont r\u00e9dig\u00e9es, le monde a les yeux tourn\u00e9s vers Rafah. Si l\u2019intervention annonc\u00e9e de l\u2019arm\u00e9e isra\u00e9lienne avait lieu, elle y ferait des milliers de victimes s\u2019ajoutant aux pr\u00e8s de 40&nbsp;000&nbsp;morts d\u00e9j\u00e0 provoqu\u00e9es. Au m\u00eame moment, &hellip; <a href=\"https:\/\/pt84.fr\/index.php\/cest-une-seule-et-meme-guerre-quil-faut-combattre\/\" class=\"more-link\">Continue reading <span class=\"screen-reader-text\">C\u2019est une seule et m\u00eame guerre qu\u2019il faut combattre<\/span><\/a><\/p>\n","protected":false},"author":1,"featured_media":0,"comment_status":"closed","ping_status":"closed","sticky":false,"template":"","format":"standard","meta":{"footnotes":""},"categories":[5],"tags":[],"class_list":["post-2719","post","type-post","status-publish","format-standard","hentry","category-editorial-ltt"],"yoast_head":"<!-- This site is optimized with the Yoast SEO plugin v21.7 - https:\/\/yoast.com\/wordpress\/plugins\/seo\/ -->\n<title>C\u2019est une seule et m\u00eame guerre qu\u2019il faut combattre - Parti des Travailleurs - Vaucluse<\/title>\n<meta name=\"robots\" content=\"index, follow, max-snippet:-1, max-image-preview:large, max-video-preview:-1\" \/>\n<link rel=\"canonical\" href=\"https:\/\/pt84.fr\/index.php\/cest-une-seule-et-meme-guerre-quil-faut-combattre\/\" \/>\n<meta property=\"og:locale\" content=\"fr_FR\" \/>\n<meta property=\"og:type\" content=\"article\" \/>\n<meta property=\"og:title\" content=\"C\u2019est une seule et m\u00eame guerre qu\u2019il faut combattre - Parti des Travailleurs - Vaucluse\" \/>\n<meta property=\"og:description\" content=\"\u00c9ditorial de La Tribune des Travailleurs n\u00b0 438 du 30 avril 2024 Par Daniel Gluckstein \u00c0 l\u2019heure o\u00f9 ces lignes sont r\u00e9dig\u00e9es, le monde a les yeux tourn\u00e9s vers Rafah. Si l\u2019intervention annonc\u00e9e de l\u2019arm\u00e9e isra\u00e9lienne avait lieu, elle y ferait des milliers de victimes s\u2019ajoutant aux pr\u00e8s de 40&nbsp;000&nbsp;morts d\u00e9j\u00e0 provoqu\u00e9es. Au m\u00eame moment, &hellip; Continue reading C\u2019est une seule et m\u00eame guerre qu\u2019il faut combattre\" \/>\n<meta property=\"og:url\" content=\"https:\/\/pt84.fr\/index.php\/cest-une-seule-et-meme-guerre-quil-faut-combattre\/\" \/>\n<meta property=\"og:site_name\" content=\"Parti des Travailleurs - Vaucluse\" \/>\n<meta property=\"article:published_time\" content=\"2024-04-30T17:37:48+00:00\" \/>\n<meta property=\"article:modified_time\" content=\"2024-04-30T17:40:10+00:00\" \/>\n<meta property=\"og:image\" content=\"https:\/\/pt84.fr\/wp-content\/uploads\/2024\/04\/IMG_0918.jpeg\" \/>\n<meta name=\"author\" content=\"Jacno\" \/>\n<meta name=\"twitter:card\" content=\"summary_large_image\" \/>\n<meta name=\"twitter:label1\" content=\"\u00c9crit par\" \/>\n\t<meta name=\"twitter:data1\" content=\"Jacno\" \/>\n\t<meta name=\"twitter:label2\" content=\"Dur\u00e9e de lecture estim\u00e9e\" \/>\n\t<meta name=\"twitter:data2\" content=\"3 minutes\" \/>\n<script type=\"application\/ld+json\" class=\"yoast-schema-graph\">{\"@context\":\"https:\/\/schema.org\",\"@graph\":[{\"@type\":\"Article\",\"@id\":\"https:\/\/pt84.fr\/index.php\/cest-une-seule-et-meme-guerre-quil-faut-combattre\/#article\",\"isPartOf\":{\"@id\":\"https:\/\/pt84.fr\/index.php\/cest-une-seule-et-meme-guerre-quil-faut-combattre\/\"},\"author\":{\"name\":\"Jacno\",\"@id\":\"https:\/\/pt84.fr\/#\/schema\/person\/8a8e3e58f6b52c1ca2f299f6dd1d9e1e\"},\"headline\":\"C\u2019est une seule et m\u00eame guerre qu\u2019il faut combattre\",\"datePublished\":\"2024-04-30T17:37:48+00:00\",\"dateModified\":\"2024-04-30T17:40:10+00:00\",\"mainEntityOfPage\":{\"@id\":\"https:\/\/pt84.fr\/index.php\/cest-une-seule-et-meme-guerre-quil-faut-combattre\/\"},\"wordCount\":609,\"publisher\":{\"@id\":\"https:\/\/pt84.fr\/#organization\"},\"articleSection\":[\"Editorial de La TT\"],\"inLanguage\":\"fr-FR\"},{\"@type\":\"WebPage\",\"@id\":\"https:\/\/pt84.fr\/index.php\/cest-une-seule-et-meme-guerre-quil-faut-combattre\/\",\"url\":\"https:\/\/pt84.fr\/index.php\/cest-une-seule-et-meme-guerre-quil-faut-combattre\/\",\"name\":\"C\u2019est une seule et m\u00eame guerre qu\u2019il faut combattre - Parti des Travailleurs - Vaucluse\",\"isPartOf\":{\"@id\":\"https:\/\/pt84.fr\/#website\"},\"datePublished\":\"2024-04-30T17:37:48+00:00\",\"dateModified\":\"2024-04-30T17:40:10+00:00\",\"breadcrumb\":{\"@id\":\"https:\/\/pt84.fr\/index.php\/cest-une-seule-et-meme-guerre-quil-faut-combattre\/#breadcrumb\"},\"inLanguage\":\"fr-FR\",\"potentialAction\":[{\"@type\":\"ReadAction\",\"target\":[\"https:\/\/pt84.fr\/index.php\/cest-une-seule-et-meme-guerre-quil-faut-combattre\/\"]}]},{\"@type\":\"BreadcrumbList\",\"@id\":\"https:\/\/pt84.fr\/index.php\/cest-une-seule-et-meme-guerre-quil-faut-combattre\/#breadcrumb\",\"itemListElement\":[{\"@type\":\"ListItem\",\"position\":1,\"name\":\"Accueil\",\"item\":\"https:\/\/pt84.fr\/\"},{\"@type\":\"ListItem\",\"position\":2,\"name\":\"C\u2019est une seule et m\u00eame guerre qu\u2019il faut combattre\"}]},{\"@type\":\"WebSite\",\"@id\":\"https:\/\/pt84.fr\/#website\",\"url\":\"https:\/\/pt84.fr\/\",\"name\":\"Parti des Travailleurs - Vaucluse\",\"description\":\"L&#039;\u00e9mancipation des travailleurs sera l&#039;\u0153uvre des travailleurs eux-m\u00eames\",\"publisher\":{\"@id\":\"https:\/\/pt84.fr\/#organization\"},\"alternateName\":\"PT84\",\"potentialAction\":[{\"@type\":\"SearchAction\",\"target\":{\"@type\":\"EntryPoint\",\"urlTemplate\":\"https:\/\/pt84.fr\/?s={search_term_string}\"},\"query-input\":\"required name=search_term_string\"}],\"inLanguage\":\"fr-FR\"},{\"@type\":\"Organization\",\"@id\":\"https:\/\/pt84.fr\/#organization\",\"name\":\"Parti des Travailleurs - Vaucluse\",\"url\":\"https:\/\/pt84.fr\/\",\"logo\":{\"@type\":\"ImageObject\",\"inLanguage\":\"fr-FR\",\"@id\":\"https:\/\/pt84.fr\/#\/schema\/logo\/image\/\",\"url\":\"https:\/\/pt84.fr\/wp-content\/uploads\/2023\/12\/logo-parti_des_travailleurs-2-lignes.jpg\",\"contentUrl\":\"https:\/\/pt84.fr\/wp-content\/uploads\/2023\/12\/logo-parti_des_travailleurs-2-lignes.jpg\",\"width\":496,\"height\":157,\"caption\":\"Parti des Travailleurs - Vaucluse\"},\"image\":{\"@id\":\"https:\/\/pt84.fr\/#\/schema\/logo\/image\/\"}},{\"@type\":\"Person\",\"@id\":\"https:\/\/pt84.fr\/#\/schema\/person\/8a8e3e58f6b52c1ca2f299f6dd1d9e1e\",\"name\":\"Jacno\",\"image\":{\"@type\":\"ImageObject\",\"inLanguage\":\"fr-FR\",\"@id\":\"https:\/\/pt84.fr\/#\/schema\/person\/image\/\",\"url\":\"https:\/\/secure.gravatar.com\/avatar\/f71dfe30c1cb4da11508c2fb960e32b5fb4d198f6c43239d094cbf845dbd1a04?s=96&d=mm&r=g\",\"contentUrl\":\"https:\/\/secure.gravatar.com\/avatar\/f71dfe30c1cb4da11508c2fb960e32b5fb4d198f6c43239d094cbf845dbd1a04?s=96&d=mm&r=g\",\"caption\":\"Jacno\"},\"sameAs\":[\"http:\/\/pt84.fr\"],\"url\":\"https:\/\/pt84.fr\/index.php\/author\/admin4322\/\"}]}<\/script>\n<!-- \/ Yoast SEO plugin. -->","yoast_head_json":{"title":"C\u2019est une seule et m\u00eame guerre qu\u2019il faut combattre - Parti des Travailleurs - Vaucluse","robots":{"index":"index","follow":"follow","max-snippet":"max-snippet:-1","max-image-preview":"max-image-preview:large","max-video-preview":"max-video-preview:-1"},"canonical":"https:\/\/pt84.fr\/index.php\/cest-une-seule-et-meme-guerre-quil-faut-combattre\/","og_locale":"fr_FR","og_type":"article","og_title":"C\u2019est une seule et m\u00eame guerre qu\u2019il faut combattre - Parti des Travailleurs - Vaucluse","og_description":"\u00c9ditorial de La Tribune des Travailleurs n\u00b0 438 du 30 avril 2024 Par Daniel Gluckstein \u00c0 l\u2019heure o\u00f9 ces lignes sont r\u00e9dig\u00e9es, le monde a les yeux tourn\u00e9s vers Rafah. Si l\u2019intervention annonc\u00e9e de l\u2019arm\u00e9e isra\u00e9lienne avait lieu, elle y ferait des milliers de victimes s\u2019ajoutant aux pr\u00e8s de 40&nbsp;000&nbsp;morts d\u00e9j\u00e0 provoqu\u00e9es. Au m\u00eame moment, &hellip; Continue reading C\u2019est une seule et m\u00eame guerre qu\u2019il faut combattre","og_url":"https:\/\/pt84.fr\/index.php\/cest-une-seule-et-meme-guerre-quil-faut-combattre\/","og_site_name":"Parti des Travailleurs - Vaucluse","article_published_time":"2024-04-30T17:37:48+00:00","article_modified_time":"2024-04-30T17:40:10+00:00","og_image":[{"url":"https:\/\/pt84.fr\/wp-content\/uploads\/2024\/04\/IMG_0918.jpeg"}],"author":"Jacno","twitter_card":"summary_large_image","twitter_misc":{"\u00c9crit par":"Jacno","Dur\u00e9e de lecture estim\u00e9e":"3 minutes"},"schema":{"@context":"https:\/\/schema.org","@graph":[{"@type":"Article","@id":"https:\/\/pt84.fr\/index.php\/cest-une-seule-et-meme-guerre-quil-faut-combattre\/#article","isPartOf":{"@id":"https:\/\/pt84.fr\/index.php\/cest-une-seule-et-meme-guerre-quil-faut-combattre\/"},"author":{"name":"Jacno","@id":"https:\/\/pt84.fr\/#\/schema\/person\/8a8e3e58f6b52c1ca2f299f6dd1d9e1e"},"headline":"C\u2019est une seule et m\u00eame guerre qu\u2019il faut combattre","datePublished":"2024-04-30T17:37:48+00:00","dateModified":"2024-04-30T17:40:10+00:00","mainEntityOfPage":{"@id":"https:\/\/pt84.fr\/index.php\/cest-une-seule-et-meme-guerre-quil-faut-combattre\/"},"wordCount":609,"publisher":{"@id":"https:\/\/pt84.fr\/#organization"},"articleSection":["Editorial de La TT"],"inLanguage":"fr-FR"},{"@type":"WebPage","@id":"https:\/\/pt84.fr\/index.php\/cest-une-seule-et-meme-guerre-quil-faut-combattre\/","url":"https:\/\/pt84.fr\/index.php\/cest-une-seule-et-meme-guerre-quil-faut-combattre\/","name":"C\u2019est une seule et m\u00eame guerre qu\u2019il faut combattre - Parti des Travailleurs - Vaucluse","isPartOf":{"@id":"https:\/\/pt84.fr\/#website"},"datePublished":"2024-04-30T17:37:48+00:00","dateModified":"2024-04-30T17:40:10+00:00","breadcrumb":{"@id":"https:\/\/pt84.fr\/index.php\/cest-une-seule-et-meme-guerre-quil-faut-combattre\/#breadcrumb"},"inLanguage":"fr-FR","potentialAction":[{"@type":"ReadAction","target":["https:\/\/pt84.fr\/index.php\/cest-une-seule-et-meme-guerre-quil-faut-combattre\/"]}]},{"@type":"BreadcrumbList","@id":"https:\/\/pt84.fr\/index.php\/cest-une-seule-et-meme-guerre-quil-faut-combattre\/#breadcrumb","itemListElement":[{"@type":"ListItem","position":1,"name":"Accueil","item":"https:\/\/pt84.fr\/"},{"@type":"ListItem","position":2,"name":"C\u2019est une seule et m\u00eame guerre qu\u2019il faut combattre"}]},{"@type":"WebSite","@id":"https:\/\/pt84.fr\/#website","url":"https:\/\/pt84.fr\/","name":"Parti des Travailleurs - Vaucluse","description":"L&#039;\u00e9mancipation des travailleurs sera l&#039;\u0153uvre des travailleurs eux-m\u00eames","publisher":{"@id":"https:\/\/pt84.fr\/#organization"},"alternateName":"PT84","potentialAction":[{"@type":"SearchAction","target":{"@type":"EntryPoint","urlTemplate":"https:\/\/pt84.fr\/?s={search_term_string}"},"query-input":"required name=search_term_string"}],"inLanguage":"fr-FR"},{"@type":"Organization","@id":"https:\/\/pt84.fr\/#organization","name":"Parti des Travailleurs - Vaucluse","url":"https:\/\/pt84.fr\/","logo":{"@type":"ImageObject","inLanguage":"fr-FR","@id":"https:\/\/pt84.fr\/#\/schema\/logo\/image\/","url":"https:\/\/pt84.fr\/wp-content\/uploads\/2023\/12\/logo-parti_des_travailleurs-2-lignes.jpg","contentUrl":"https:\/\/pt84.fr\/wp-content\/uploads\/2023\/12\/logo-parti_des_travailleurs-2-lignes.jpg","width":496,"height":157,"caption":"Parti des Travailleurs - Vaucluse"},"image":{"@id":"https:\/\/pt84.fr\/#\/schema\/logo\/image\/"}},{"@type":"Person","@id":"https:\/\/pt84.fr\/#\/schema\/person\/8a8e3e58f6b52c1ca2f299f6dd1d9e1e","name":"Jacno","image":{"@type":"ImageObject","inLanguage":"fr-FR","@id":"https:\/\/pt84.fr\/#\/schema\/person\/image\/","url":"https:\/\/secure.gravatar.com\/avatar\/f71dfe30c1cb4da11508c2fb960e32b5fb4d198f6c43239d094cbf845dbd1a04?s=96&d=mm&r=g","contentUrl":"https:\/\/secure.gravatar.com\/avatar\/f71dfe30c1cb4da11508c2fb960e32b5fb4d198f6c43239d094cbf845dbd1a04?s=96&d=mm&r=g","caption":"Jacno"},"sameAs":["http:\/\/pt84.fr"],"url":"https:\/\/pt84.fr\/index.php\/author\/admin4322\/"}]}},"_links":{"self":[{"href":"https:\/\/pt84.fr\/index.php\/wp-json\/wp\/v2\/posts\/2719","targetHints":{"allow":["GET"]}}],"collection":[{"href":"https:\/\/pt84.fr\/index.php\/wp-json\/wp\/v2\/posts"}],"about":[{"href":"https:\/\/pt84.fr\/index.php\/wp-json\/wp\/v2\/types\/post"}],"author":[{"embeddable":true,"href":"https:\/\/pt84.fr\/index.php\/wp-json\/wp\/v2\/users\/1"}],"replies":[{"embeddable":true,"href":"https:\/\/pt84.fr\/index.php\/wp-json\/wp\/v2\/comments?post=2719"}],"version-history":[{"count":2,"href":"https:\/\/pt84.fr\/index.php\/wp-json\/wp\/v2\/posts\/2719\/revisions"}],"predecessor-version":[{"id":2722,"href":"https:\/\/pt84.fr\/index.php\/wp-json\/wp\/v2\/posts\/2719\/revisions\/2722"}],"wp:attachment":[{"href":"https:\/\/pt84.fr\/index.php\/wp-json\/wp\/v2\/media?parent=2719"}],"wp:term":[{"taxonomy":"category","embeddable":true,"href":"https:\/\/pt84.fr\/index.php\/wp-json\/wp\/v2\/categories?post=2719"},{"taxonomy":"post_tag","embeddable":true,"href":"https:\/\/pt84.fr\/index.php\/wp-json\/wp\/v2\/tags?post=2719"}],"curies":[{"name":"wp","href":"https:\/\/api.w.org\/{rel}","templated":true}]}}