{"id":2978,"date":"2024-09-26T07:08:53","date_gmt":"2024-09-26T05:08:53","guid":{"rendered":"https:\/\/pt84.fr\/?p=2978"},"modified":"2024-09-26T07:08:55","modified_gmt":"2024-09-26T05:08:55","slug":"le-front-des-travailleurs","status":"publish","type":"post","link":"https:\/\/pt84.fr\/index.php\/le-front-des-travailleurs\/","title":{"rendered":"Le front des travailleurs"},"content":{"rendered":"\n<h3 class=\"wp-block-heading has-text-align-center has-vivid-red-color has-text-color has-link-color wp-elements-de01d299211a888b53b283d06fef7600\">\u00c9ditorial de La Tribune des Travailleurs n\u00b0 458 du 25 septembre 2024\u00a0<\/h3>\n\n\n\n<p>Par Daniel Gluckstein<\/p>\n\n\n<div class=\"wp-block-image\">\n<figure class=\"alignright size-full\"><img loading=\"lazy\" decoding=\"async\" width=\"250\" height=\"353\" src=\"https:\/\/pt84.fr\/wp-content\/uploads\/2024\/09\/IMG_1008.jpeg\" alt=\"\" class=\"wp-image-2979\" srcset=\"https:\/\/pt84.fr\/wp-content\/uploads\/2024\/09\/IMG_1008.jpeg 250w, https:\/\/pt84.fr\/wp-content\/uploads\/2024\/09\/IMG_1008-212x300.jpeg 212w, https:\/\/pt84.fr\/wp-content\/uploads\/2024\/09\/IMG_1008-76x108.jpeg 76w\" sizes=\"auto, (max-width: 250px) 100vw, 250px\" \/><\/figure>\n<\/div>\n\n\n<p>L\u2019\u00e9ditorial des\u00a0\u00c9chos\u00a0refl\u00e8te g\u00e9n\u00e9ralement l\u2019\u00e9tat d\u2019esprit des cercles dirigeants du capital financier. Celui du 23\u00a0septembre ne tarit pas d\u2019\u00e9loges pour\u00a0\u00ab\u00a0le nouveau gouvernement(qui)\u00a0a de quoi rassurer le monde de l\u2019entreprise\u00a0\u00bb.\u00a0Les \u00c9chos\u00a0applaudissent\u00a0\u00ab\u00a0la m\u00e9thode\u00a0\u00bb, le\u00a0\u00ab\u00a0choix des personnalit\u00e9s\u00a0\u00bb, et surtout les\u00a0\u00ab\u00a0engagements pris par Michel Barnier sur la n\u00e9cessit\u00e9 de conforter l\u2019attractivit\u00e9 \u00e9conomique de la France\u00a0\u00bb, soulignant que\u00a0\u00ab\u00a0ces engagements ne sont pas pass\u00e9s inaper\u00e7us du c\u00f4t\u00e9 du Medef\u00a0!\u00a0\u00bb<\/p>\n\n\n\n<p>Et pour cause\u2026 puisque ces engagements consistent \u00e0&nbsp;\u00ab&nbsp;r\u00e9duire les d\u00e9penses&nbsp;\u00bb&nbsp;et\u00ab&nbsp;afficher des perspectives ambitieuses de r\u00e9forme \u00e0 Bruxelles&nbsp;\u00bb&nbsp;! En clair&nbsp;: un plan de guerre anti-ouvrier se pr\u00e9pare. Car r\u00e9duire les d\u00e9penses de sant\u00e9, celles des services publics, celles du logement social et engager de nouvelles r\u00e9formes anti-ouvri\u00e8res dans la continuit\u00e9 des pr\u00e9c\u00e9dentes, qu\u2019est-ce d\u2019autre que s\u2019en prendre aux travailleurs et \u00e0 leurs familles&nbsp;?<\/p>\n\n\n\n<p>La classe capitaliste est donc bien rang\u00e9e derri\u00e8re&nbsp;son&nbsp;gouvernement et \u00ab&nbsp;rassur\u00e9e&nbsp;\u00bb par lui. Rassur\u00e9e aussi de voir la \u00ab&nbsp;gauche&nbsp;\u00bb respecter le cadre fix\u00e9. C\u2019est Bompard, de La France insoumise, qui explique, sur France Bleu Provence, combien il serait&nbsp;\u00ab&nbsp;absurde&nbsp;\u00bbde&nbsp;\u00ab&nbsp;s\u2019opposer syst\u00e9matiquement au gouvernement Barnier&nbsp;\u00bb. C\u2019est Faure, du Parti socialiste, qui d\u00e9clare, \u00e0 propos de sa propre motion de censure, qu\u2019elle est&nbsp;\u00ab&nbsp;vou\u00e9e \u00e0 l\u2019\u00e9chec&nbsp;\u00bb. C\u2019est Roussel, du Parti communiste, qui va rencontrer Barnier \u00e0 Matignon en cultivant l\u2019ambigu\u00eft\u00e9 sur une possible participation \u00e0 un gouvernement qui mettrait en \u0153uvre des mesures progressistes\u2026<\/p>\n\n\n\n<p>Les capitalistes pensent-ils pour autant pouvoir dormir sur leurs deux oreilles&nbsp;? Certes, il ne peut y avoir de nouvelle dissolution avant dix mois. Certes, l\u2019adoption d\u2019une motion de censure aboutirait \u00e0 renverser le gouvernement \u2013&nbsp;\u00e0 condition que le Rassemblement national d\u00e9cide de la voter&nbsp;\u2013, mais Macron toujours en place d\u00e9signerait un autre Premier ministre \u2013&nbsp;ou le m\u00eame&nbsp;\u2013 charg\u00e9 de constituer un autre gouvernement aussi pro-capitaliste que celui-ci.<\/p>\n\n\n\n<p>Reste une inconnue&nbsp;: la lutte de classe.<\/p>\n\n\n\n<p>Au front des capitalistes, il est imp\u00e9ratif d\u2019opposer le front des travailleurs unis avec leurs organisations, le front des travailleurs qui ne se laissent pas entraver par ceux qui refusent de rompre avec les institutions et avec Macron. Le front des travailleurs qui s\u2019unissent, se confortent mutuellement, se dressent soud\u00e9s sur leurs revendications l\u00e9gitimes et dans l\u2019action l\u00e9gitime et r\u00e9solue. Le front des travailleurs qui ne se laissent d\u00e9tourner de l\u2019action de classe ni par la perspective d\u2019une \u00e9lection pr\u00e9sidentielle en 2027 ni par d\u2019hypoth\u00e9tiques perspectives de dissolution (ou de destitution) toutes subordonn\u00e9es aux r\u00e8gles et au calendrier de la Ve&nbsp;R\u00e9publique. Et donc aux exigences de la classe capitaliste.<\/p>\n\n\n\n<p>Oppos\u00e9 au front des exploiteurs jamais rassasi\u00e9s de profits et de dividendes, le front des travailleurs, c\u2019est le front de ceux qui n\u2019ont que leur travail pour vivre. Ils sont la majorit\u00e9. C\u2019est \u00e0 eux, en d\u00e9mocratie, qu\u2019il doit revenir de gouverner.<\/p>\n","protected":false},"excerpt":{"rendered":"<p>\u00c9ditorial de La Tribune des Travailleurs n\u00b0 458 du 25 septembre 2024\u00a0 Par Daniel Gluckstein L\u2019\u00e9ditorial des\u00a0\u00c9chos\u00a0refl\u00e8te g\u00e9n\u00e9ralement l\u2019\u00e9tat d\u2019esprit des cercles dirigeants du capital financier. Celui du 23\u00a0septembre ne tarit pas d\u2019\u00e9loges pour\u00a0\u00ab\u00a0le nouveau gouvernement(qui)\u00a0a de quoi rassurer le monde de l\u2019entreprise\u00a0\u00bb.\u00a0Les \u00c9chos\u00a0applaudissent\u00a0\u00ab\u00a0la m\u00e9thode\u00a0\u00bb, le\u00a0\u00ab\u00a0choix des personnalit\u00e9s\u00a0\u00bb, et surtout les\u00a0\u00ab\u00a0engagements pris par Michel Barnier &hellip; <a href=\"https:\/\/pt84.fr\/index.php\/le-front-des-travailleurs\/\" class=\"more-link\">Continue reading <span class=\"screen-reader-text\">Le front des travailleurs<\/span><\/a><\/p>\n","protected":false},"author":1,"featured_media":0,"comment_status":"closed","ping_status":"closed","sticky":false,"template":"","format":"standard","meta":{"footnotes":""},"categories":[5],"tags":[],"class_list":["post-2978","post","type-post","status-publish","format-standard","hentry","category-editorial-ltt"],"yoast_head":"<!-- This site is optimized with the Yoast SEO plugin v21.7 - https:\/\/yoast.com\/wordpress\/plugins\/seo\/ -->\n<title>Le front des travailleurs - Parti des Travailleurs - Vaucluse<\/title>\n<meta name=\"robots\" content=\"index, follow, max-snippet:-1, max-image-preview:large, max-video-preview:-1\" \/>\n<link rel=\"canonical\" href=\"https:\/\/pt84.fr\/index.php\/le-front-des-travailleurs\/\" \/>\n<meta property=\"og:locale\" content=\"fr_FR\" \/>\n<meta property=\"og:type\" content=\"article\" \/>\n<meta property=\"og:title\" content=\"Le front des travailleurs - Parti des Travailleurs - Vaucluse\" \/>\n<meta property=\"og:description\" content=\"\u00c9ditorial de La Tribune des Travailleurs n\u00b0 458 du 25 septembre 2024\u00a0 Par Daniel Gluckstein L\u2019\u00e9ditorial des\u00a0\u00c9chos\u00a0refl\u00e8te g\u00e9n\u00e9ralement l\u2019\u00e9tat d\u2019esprit des cercles dirigeants du capital financier. Celui du 23\u00a0septembre ne tarit pas d\u2019\u00e9loges pour\u00a0\u00ab\u00a0le nouveau gouvernement(qui)\u00a0a de quoi rassurer le monde de l\u2019entreprise\u00a0\u00bb.\u00a0Les \u00c9chos\u00a0applaudissent\u00a0\u00ab\u00a0la m\u00e9thode\u00a0\u00bb, le\u00a0\u00ab\u00a0choix des personnalit\u00e9s\u00a0\u00bb, et surtout les\u00a0\u00ab\u00a0engagements pris par Michel Barnier &hellip; Continue reading Le front des travailleurs\" \/>\n<meta property=\"og:url\" content=\"https:\/\/pt84.fr\/index.php\/le-front-des-travailleurs\/\" \/>\n<meta property=\"og:site_name\" content=\"Parti des Travailleurs - Vaucluse\" \/>\n<meta property=\"article:published_time\" content=\"2024-09-26T05:08:53+00:00\" \/>\n<meta property=\"article:modified_time\" content=\"2024-09-26T05:08:55+00:00\" \/>\n<meta property=\"og:image\" content=\"https:\/\/pt84.fr\/wp-content\/uploads\/2024\/09\/IMG_1008.jpeg\" \/>\n<meta name=\"author\" content=\"Jacno\" \/>\n<meta name=\"twitter:card\" content=\"summary_large_image\" \/>\n<meta name=\"twitter:label1\" content=\"\u00c9crit par\" \/>\n\t<meta name=\"twitter:data1\" content=\"Jacno\" \/>\n\t<meta name=\"twitter:label2\" content=\"Dur\u00e9e de lecture estim\u00e9e\" \/>\n\t<meta name=\"twitter:data2\" content=\"3 minutes\" \/>\n<script type=\"application\/ld+json\" class=\"yoast-schema-graph\">{\"@context\":\"https:\/\/schema.org\",\"@graph\":[{\"@type\":\"Article\",\"@id\":\"https:\/\/pt84.fr\/index.php\/le-front-des-travailleurs\/#article\",\"isPartOf\":{\"@id\":\"https:\/\/pt84.fr\/index.php\/le-front-des-travailleurs\/\"},\"author\":{\"name\":\"Jacno\",\"@id\":\"https:\/\/pt84.fr\/#\/schema\/person\/8a8e3e58f6b52c1ca2f299f6dd1d9e1e\"},\"headline\":\"Le front des travailleurs\",\"datePublished\":\"2024-09-26T05:08:53+00:00\",\"dateModified\":\"2024-09-26T05:08:55+00:00\",\"mainEntityOfPage\":{\"@id\":\"https:\/\/pt84.fr\/index.php\/le-front-des-travailleurs\/\"},\"wordCount\":565,\"publisher\":{\"@id\":\"https:\/\/pt84.fr\/#organization\"},\"articleSection\":[\"Editorial de La TT\"],\"inLanguage\":\"fr-FR\"},{\"@type\":\"WebPage\",\"@id\":\"https:\/\/pt84.fr\/index.php\/le-front-des-travailleurs\/\",\"url\":\"https:\/\/pt84.fr\/index.php\/le-front-des-travailleurs\/\",\"name\":\"Le front des travailleurs - Parti des Travailleurs - Vaucluse\",\"isPartOf\":{\"@id\":\"https:\/\/pt84.fr\/#website\"},\"datePublished\":\"2024-09-26T05:08:53+00:00\",\"dateModified\":\"2024-09-26T05:08:55+00:00\",\"breadcrumb\":{\"@id\":\"https:\/\/pt84.fr\/index.php\/le-front-des-travailleurs\/#breadcrumb\"},\"inLanguage\":\"fr-FR\",\"potentialAction\":[{\"@type\":\"ReadAction\",\"target\":[\"https:\/\/pt84.fr\/index.php\/le-front-des-travailleurs\/\"]}]},{\"@type\":\"BreadcrumbList\",\"@id\":\"https:\/\/pt84.fr\/index.php\/le-front-des-travailleurs\/#breadcrumb\",\"itemListElement\":[{\"@type\":\"ListItem\",\"position\":1,\"name\":\"Accueil\",\"item\":\"https:\/\/pt84.fr\/\"},{\"@type\":\"ListItem\",\"position\":2,\"name\":\"Le front des travailleurs\"}]},{\"@type\":\"WebSite\",\"@id\":\"https:\/\/pt84.fr\/#website\",\"url\":\"https:\/\/pt84.fr\/\",\"name\":\"Parti des Travailleurs - Vaucluse\",\"description\":\"L&#039;\u00e9mancipation des travailleurs sera l&#039;\u0153uvre des travailleurs eux-m\u00eames\",\"publisher\":{\"@id\":\"https:\/\/pt84.fr\/#organization\"},\"alternateName\":\"PT84\",\"potentialAction\":[{\"@type\":\"SearchAction\",\"target\":{\"@type\":\"EntryPoint\",\"urlTemplate\":\"https:\/\/pt84.fr\/?s={search_term_string}\"},\"query-input\":\"required name=search_term_string\"}],\"inLanguage\":\"fr-FR\"},{\"@type\":\"Organization\",\"@id\":\"https:\/\/pt84.fr\/#organization\",\"name\":\"Parti des Travailleurs - Vaucluse\",\"url\":\"https:\/\/pt84.fr\/\",\"logo\":{\"@type\":\"ImageObject\",\"inLanguage\":\"fr-FR\",\"@id\":\"https:\/\/pt84.fr\/#\/schema\/logo\/image\/\",\"url\":\"https:\/\/pt84.fr\/wp-content\/uploads\/2023\/12\/logo-parti_des_travailleurs-2-lignes.jpg\",\"contentUrl\":\"https:\/\/pt84.fr\/wp-content\/uploads\/2023\/12\/logo-parti_des_travailleurs-2-lignes.jpg\",\"width\":496,\"height\":157,\"caption\":\"Parti des Travailleurs - Vaucluse\"},\"image\":{\"@id\":\"https:\/\/pt84.fr\/#\/schema\/logo\/image\/\"}},{\"@type\":\"Person\",\"@id\":\"https:\/\/pt84.fr\/#\/schema\/person\/8a8e3e58f6b52c1ca2f299f6dd1d9e1e\",\"name\":\"Jacno\",\"image\":{\"@type\":\"ImageObject\",\"inLanguage\":\"fr-FR\",\"@id\":\"https:\/\/pt84.fr\/#\/schema\/person\/image\/\",\"url\":\"https:\/\/secure.gravatar.com\/avatar\/f71dfe30c1cb4da11508c2fb960e32b5fb4d198f6c43239d094cbf845dbd1a04?s=96&d=mm&r=g\",\"contentUrl\":\"https:\/\/secure.gravatar.com\/avatar\/f71dfe30c1cb4da11508c2fb960e32b5fb4d198f6c43239d094cbf845dbd1a04?s=96&d=mm&r=g\",\"caption\":\"Jacno\"},\"sameAs\":[\"http:\/\/pt84.fr\"],\"url\":\"https:\/\/pt84.fr\/index.php\/author\/admin4322\/\"}]}<\/script>\n<!-- \/ Yoast SEO plugin. -->","yoast_head_json":{"title":"Le front des travailleurs - Parti des Travailleurs - Vaucluse","robots":{"index":"index","follow":"follow","max-snippet":"max-snippet:-1","max-image-preview":"max-image-preview:large","max-video-preview":"max-video-preview:-1"},"canonical":"https:\/\/pt84.fr\/index.php\/le-front-des-travailleurs\/","og_locale":"fr_FR","og_type":"article","og_title":"Le front des travailleurs - Parti des Travailleurs - Vaucluse","og_description":"\u00c9ditorial de La Tribune des Travailleurs n\u00b0 458 du 25 septembre 2024\u00a0 Par Daniel Gluckstein L\u2019\u00e9ditorial des\u00a0\u00c9chos\u00a0refl\u00e8te g\u00e9n\u00e9ralement l\u2019\u00e9tat d\u2019esprit des cercles dirigeants du capital financier. Celui du 23\u00a0septembre ne tarit pas d\u2019\u00e9loges pour\u00a0\u00ab\u00a0le nouveau gouvernement(qui)\u00a0a de quoi rassurer le monde de l\u2019entreprise\u00a0\u00bb.\u00a0Les \u00c9chos\u00a0applaudissent\u00a0\u00ab\u00a0la m\u00e9thode\u00a0\u00bb, le\u00a0\u00ab\u00a0choix des personnalit\u00e9s\u00a0\u00bb, et surtout les\u00a0\u00ab\u00a0engagements pris par Michel Barnier &hellip; Continue reading Le front des travailleurs","og_url":"https:\/\/pt84.fr\/index.php\/le-front-des-travailleurs\/","og_site_name":"Parti des Travailleurs - Vaucluse","article_published_time":"2024-09-26T05:08:53+00:00","article_modified_time":"2024-09-26T05:08:55+00:00","og_image":[{"url":"https:\/\/pt84.fr\/wp-content\/uploads\/2024\/09\/IMG_1008.jpeg"}],"author":"Jacno","twitter_card":"summary_large_image","twitter_misc":{"\u00c9crit par":"Jacno","Dur\u00e9e de lecture estim\u00e9e":"3 minutes"},"schema":{"@context":"https:\/\/schema.org","@graph":[{"@type":"Article","@id":"https:\/\/pt84.fr\/index.php\/le-front-des-travailleurs\/#article","isPartOf":{"@id":"https:\/\/pt84.fr\/index.php\/le-front-des-travailleurs\/"},"author":{"name":"Jacno","@id":"https:\/\/pt84.fr\/#\/schema\/person\/8a8e3e58f6b52c1ca2f299f6dd1d9e1e"},"headline":"Le front des travailleurs","datePublished":"2024-09-26T05:08:53+00:00","dateModified":"2024-09-26T05:08:55+00:00","mainEntityOfPage":{"@id":"https:\/\/pt84.fr\/index.php\/le-front-des-travailleurs\/"},"wordCount":565,"publisher":{"@id":"https:\/\/pt84.fr\/#organization"},"articleSection":["Editorial de La TT"],"inLanguage":"fr-FR"},{"@type":"WebPage","@id":"https:\/\/pt84.fr\/index.php\/le-front-des-travailleurs\/","url":"https:\/\/pt84.fr\/index.php\/le-front-des-travailleurs\/","name":"Le front des travailleurs - Parti des Travailleurs - Vaucluse","isPartOf":{"@id":"https:\/\/pt84.fr\/#website"},"datePublished":"2024-09-26T05:08:53+00:00","dateModified":"2024-09-26T05:08:55+00:00","breadcrumb":{"@id":"https:\/\/pt84.fr\/index.php\/le-front-des-travailleurs\/#breadcrumb"},"inLanguage":"fr-FR","potentialAction":[{"@type":"ReadAction","target":["https:\/\/pt84.fr\/index.php\/le-front-des-travailleurs\/"]}]},{"@type":"BreadcrumbList","@id":"https:\/\/pt84.fr\/index.php\/le-front-des-travailleurs\/#breadcrumb","itemListElement":[{"@type":"ListItem","position":1,"name":"Accueil","item":"https:\/\/pt84.fr\/"},{"@type":"ListItem","position":2,"name":"Le front des travailleurs"}]},{"@type":"WebSite","@id":"https:\/\/pt84.fr\/#website","url":"https:\/\/pt84.fr\/","name":"Parti des Travailleurs - Vaucluse","description":"L&#039;\u00e9mancipation des travailleurs sera l&#039;\u0153uvre des travailleurs eux-m\u00eames","publisher":{"@id":"https:\/\/pt84.fr\/#organization"},"alternateName":"PT84","potentialAction":[{"@type":"SearchAction","target":{"@type":"EntryPoint","urlTemplate":"https:\/\/pt84.fr\/?s={search_term_string}"},"query-input":"required name=search_term_string"}],"inLanguage":"fr-FR"},{"@type":"Organization","@id":"https:\/\/pt84.fr\/#organization","name":"Parti des Travailleurs - Vaucluse","url":"https:\/\/pt84.fr\/","logo":{"@type":"ImageObject","inLanguage":"fr-FR","@id":"https:\/\/pt84.fr\/#\/schema\/logo\/image\/","url":"https:\/\/pt84.fr\/wp-content\/uploads\/2023\/12\/logo-parti_des_travailleurs-2-lignes.jpg","contentUrl":"https:\/\/pt84.fr\/wp-content\/uploads\/2023\/12\/logo-parti_des_travailleurs-2-lignes.jpg","width":496,"height":157,"caption":"Parti des Travailleurs - Vaucluse"},"image":{"@id":"https:\/\/pt84.fr\/#\/schema\/logo\/image\/"}},{"@type":"Person","@id":"https:\/\/pt84.fr\/#\/schema\/person\/8a8e3e58f6b52c1ca2f299f6dd1d9e1e","name":"Jacno","image":{"@type":"ImageObject","inLanguage":"fr-FR","@id":"https:\/\/pt84.fr\/#\/schema\/person\/image\/","url":"https:\/\/secure.gravatar.com\/avatar\/f71dfe30c1cb4da11508c2fb960e32b5fb4d198f6c43239d094cbf845dbd1a04?s=96&d=mm&r=g","contentUrl":"https:\/\/secure.gravatar.com\/avatar\/f71dfe30c1cb4da11508c2fb960e32b5fb4d198f6c43239d094cbf845dbd1a04?s=96&d=mm&r=g","caption":"Jacno"},"sameAs":["http:\/\/pt84.fr"],"url":"https:\/\/pt84.fr\/index.php\/author\/admin4322\/"}]}},"_links":{"self":[{"href":"https:\/\/pt84.fr\/index.php\/wp-json\/wp\/v2\/posts\/2978","targetHints":{"allow":["GET"]}}],"collection":[{"href":"https:\/\/pt84.fr\/index.php\/wp-json\/wp\/v2\/posts"}],"about":[{"href":"https:\/\/pt84.fr\/index.php\/wp-json\/wp\/v2\/types\/post"}],"author":[{"embeddable":true,"href":"https:\/\/pt84.fr\/index.php\/wp-json\/wp\/v2\/users\/1"}],"replies":[{"embeddable":true,"href":"https:\/\/pt84.fr\/index.php\/wp-json\/wp\/v2\/comments?post=2978"}],"version-history":[{"count":1,"href":"https:\/\/pt84.fr\/index.php\/wp-json\/wp\/v2\/posts\/2978\/revisions"}],"predecessor-version":[{"id":2980,"href":"https:\/\/pt84.fr\/index.php\/wp-json\/wp\/v2\/posts\/2978\/revisions\/2980"}],"wp:attachment":[{"href":"https:\/\/pt84.fr\/index.php\/wp-json\/wp\/v2\/media?parent=2978"}],"wp:term":[{"taxonomy":"category","embeddable":true,"href":"https:\/\/pt84.fr\/index.php\/wp-json\/wp\/v2\/categories?post=2978"},{"taxonomy":"post_tag","embeddable":true,"href":"https:\/\/pt84.fr\/index.php\/wp-json\/wp\/v2\/tags?post=2978"}],"curies":[{"name":"wp","href":"https:\/\/api.w.org\/{rel}","templated":true}]}}