{"id":2992,"date":"2024-10-03T06:20:40","date_gmt":"2024-10-03T04:20:40","guid":{"rendered":"https:\/\/pt84.fr\/?p=2992"},"modified":"2024-10-03T06:27:51","modified_gmt":"2024-10-03T04:27:51","slug":"nen-deplaise-aux-hypocrites-de-tous-bords","status":"publish","type":"post","link":"https:\/\/pt84.fr\/index.php\/nen-deplaise-aux-hypocrites-de-tous-bords\/","title":{"rendered":"N\u2019en d\u00e9plaise aux hypocrites de tous bords"},"content":{"rendered":"\n<h3 class=\"wp-block-heading has-text-align-center has-vivid-red-color has-text-color has-link-color wp-elements-819c3a304af9e05a0340acbf7adbb9a6\">\u00c9ditorial de La Tribune des Travailleurs n\u00b0 459 du 2 octobre 2024<br><\/h3>\n\n\n\n<p>Par Daniel Gluckstein<\/p>\n\n\n<div class=\"wp-block-image\">\n<figure class=\"alignright size-full\"><img loading=\"lazy\" decoding=\"async\" width=\"250\" height=\"349\" src=\"https:\/\/pt84.fr\/wp-content\/uploads\/2024\/10\/IMG_1011.jpeg\" alt=\"\" class=\"wp-image-2993\" srcset=\"https:\/\/pt84.fr\/wp-content\/uploads\/2024\/10\/IMG_1011.jpeg 250w, https:\/\/pt84.fr\/wp-content\/uploads\/2024\/10\/IMG_1011-215x300.jpeg 215w, https:\/\/pt84.fr\/wp-content\/uploads\/2024\/10\/IMG_1011-77x108.jpeg 77w\" sizes=\"auto, (max-width: 250px) 100vw, 250px\" \/><\/figure>\n<\/div>\n\n\n<p><br>En d\u00e9clarant que&nbsp;<em>\u00ab&nbsp;l\u2019\u00c9tat de droit, \u00e7a n\u2019est pas intangible, ni sacr\u00e9&nbsp;\u00bb<\/em>, le ministre Retailleau s\u2019est attir\u00e9 les foudres de toutes les bonnes \u00e2mes du monde politique, \u00e0 gauche comme \u00e0 droite.<\/p>\n\n\n\n<p>Pourtant, Retailleau n\u2019a fait que dire \u00e0 haute voix ce que tous savent et partagent. \u00c0 savoir&nbsp;: \u00ab&nbsp;Nous respectons l\u2019\u00c9tat de droit aussi longtemps que cela est compatible avec les int\u00e9r\u00eats de la classe capitaliste que nous repr\u00e9sentons.&nbsp;\u00bb&nbsp;<\/p>\n\n\n\n<p>\u00ab&nbsp;L\u2019\u00c9tat de droit&nbsp;\u00bb, cela suppose qu\u2019il y a un droit. Qui codifie le droit&nbsp;? Le pouvoir politique. Par cons\u00e9quent, l\u2019\u00c9tat de droit l\u2019emporte sur la toute-puissance du pouvoir politique tant que celui-ci l\u2019accepte et ne d\u00e9cide pas de modifier le droit. C\u2019est ce qui s\u2019est toujours pass\u00e9. Ceux qui font mine de se r\u00e9crier sont des hypocrites.&nbsp;<\/p>\n\n\n\n<p>Retailleau dit en substance&nbsp;: \u00ab&nbsp;Nous avons, nous, les h\u00e9ritiers de la V<sup>e<\/sup>&nbsp;R\u00e9publique, construit un \u00e9difice juridique sur la base d\u2019un coup d\u2019\u00c9tat en 1958, la force du coup d\u2019\u00c9tat l\u2019emportant sur l\u2019\u00c9tat de droit de la IV<sup>e<\/sup>&nbsp;R\u00e9publique. Aujourd\u2019hui, \u00e0 nouveau, la force doit primer le droit, et donc le modifier.&nbsp;\u00bb&nbsp;<\/p>\n\n\n\n<p>Finalement, Retailleau fait en petit ce que Netanyahou fait en grand. Certes, Biden et Macron protestent contre l\u2019intervention isra\u00e9lienne au Liban, invoquent le n\u00e9cessaire respect de la souverainet\u00e9 de ce pays, appellent \u00e0 un cessez-le-feu et \u00e0 la mise en \u0153uvre des principes et des r\u00e9solutions des Nations unies. Cela, c\u2019est, c\u00f4t\u00e9 cour, l\u2019\u00ab&nbsp;\u00c9tat de droit&nbsp;\u00bb.<\/p>\n\n\n\n<p>\u00c0 quoi Netanyahou r\u00e9pond qu\u2019il respecte une r\u00e9solution de l\u2019ONU, celle qui a cr\u00e9\u00e9 l\u2019\u00c9tat d\u2019Isra\u00ebl et ni\u00e9 le droit du peuple palestinien \u00e0 exister comme nation souveraine. Biden et Macron le r\u00e9primandent, mais, c\u00f4t\u00e9 jardin\u2026 ils continuent de lui livrer des armes pour sa guerre d\u2019extermination \u00e0 Gaza et sa guerre au Liban.&nbsp;<\/p>\n\n\n\n<p>Au-del\u00e0 des nuances, Biden et Macron partagent avec Netanyahou cette conviction&nbsp;: le respect de l\u2019\u00c9tat de droit international s\u2019arr\u00eate l\u00e0 o\u00f9 il contrevient aux int\u00e9r\u00eats de l\u2019ordre capitaliste dans la r\u00e9gion.&nbsp;<\/p>\n\n\n\n<p>N\u2019en d\u00e9plaise aux hypocrites de tous bords, Retailleau comme Netanyahou disent la v\u00e9rit\u00e9 de la classe capitaliste pour qui la d\u00e9mocratie et l\u2019\u00c9tat de droit ne peuvent jamais \u00eatre oppos\u00e9s \u00e0 leurs plans et \u00e0 leurs exigences. Pour eux, si la logique d\u2019Isra\u00ebl est le g\u00e9nocide \u00e0 Gaza, alors Isra\u00ebl s\u2019arroge l\u00e9gitimement le droit d\u2019agir ainsi, un droit qui l\u2019emporte sur tout autre droit. De m\u00eame qu\u2019en France, si la logique du capital est d\u2019avoir les mains libres pour d\u00e9ployer ses plans anti-ouvriers et d\u2019alimenter dans ce but le racisme et la phobie de l\u2019immigr\u00e9, alors il faut le faire sans h\u00e9siter, quitte \u00e0 enclencher un m\u00e9canisme qui ouvre la voie au Rassemblement national.&nbsp;<\/p>\n\n\n\n<p>Les organisations qui se r\u00e9clament du combat \u00e9mancipateur de la classe ouvri\u00e8re ont mieux \u00e0 faire que de se joindre au ch\u0153ur des pleureuses hypocrites de la r\u00e9action. Retailleau dit tout haut la v\u00e9rit\u00e9 capitaliste&nbsp;: la force prime le droit. C\u2019est de forces qu\u2019il s\u2019agit&nbsp;: il revient aux travailleurs d\u2019unir les leurs, avec leurs organisations, pour construire l\u2019action unie qui, pr\u00e9cis\u00e9ment, est seule \u00e0 m\u00eame d\u2019inverser le rapport des forces.<\/p>\n","protected":false},"excerpt":{"rendered":"<p>\u00c9ditorial de La Tribune des Travailleurs n\u00b0 459 du 2 octobre 2024 Par Daniel Gluckstein En d\u00e9clarant que&nbsp;\u00ab&nbsp;l\u2019\u00c9tat de droit, \u00e7a n\u2019est pas intangible, ni sacr\u00e9&nbsp;\u00bb, le ministre Retailleau s\u2019est attir\u00e9 les foudres de toutes les bonnes \u00e2mes du monde politique, \u00e0 gauche comme \u00e0 droite. Pourtant, Retailleau n\u2019a fait que dire \u00e0 haute voix &hellip; <a href=\"https:\/\/pt84.fr\/index.php\/nen-deplaise-aux-hypocrites-de-tous-bords\/\" class=\"more-link\">Continue reading <span class=\"screen-reader-text\">N\u2019en d\u00e9plaise aux hypocrites de tous bords<\/span><\/a><\/p>\n","protected":false},"author":1,"featured_media":0,"comment_status":"closed","ping_status":"closed","sticky":false,"template":"","format":"standard","meta":{"footnotes":""},"categories":[5],"tags":[],"class_list":["post-2992","post","type-post","status-publish","format-standard","hentry","category-editorial-ltt"],"yoast_head":"<!-- This site is optimized with the Yoast SEO plugin v21.7 - https:\/\/yoast.com\/wordpress\/plugins\/seo\/ -->\n<title>N\u2019en d\u00e9plaise aux hypocrites de tous bords - Parti des Travailleurs - Vaucluse<\/title>\n<meta name=\"robots\" content=\"index, follow, max-snippet:-1, max-image-preview:large, max-video-preview:-1\" \/>\n<link rel=\"canonical\" href=\"https:\/\/pt84.fr\/index.php\/nen-deplaise-aux-hypocrites-de-tous-bords\/\" \/>\n<meta property=\"og:locale\" content=\"fr_FR\" \/>\n<meta property=\"og:type\" content=\"article\" \/>\n<meta property=\"og:title\" content=\"N\u2019en d\u00e9plaise aux hypocrites de tous bords - Parti des Travailleurs - Vaucluse\" \/>\n<meta property=\"og:description\" content=\"\u00c9ditorial de La Tribune des Travailleurs n\u00b0 459 du 2 octobre 2024 Par Daniel Gluckstein En d\u00e9clarant que&nbsp;\u00ab&nbsp;l\u2019\u00c9tat de droit, \u00e7a n\u2019est pas intangible, ni sacr\u00e9&nbsp;\u00bb, le ministre Retailleau s\u2019est attir\u00e9 les foudres de toutes les bonnes \u00e2mes du monde politique, \u00e0 gauche comme \u00e0 droite. Pourtant, Retailleau n\u2019a fait que dire \u00e0 haute voix &hellip; Continue reading N\u2019en d\u00e9plaise aux hypocrites de tous bords\" \/>\n<meta property=\"og:url\" content=\"https:\/\/pt84.fr\/index.php\/nen-deplaise-aux-hypocrites-de-tous-bords\/\" \/>\n<meta property=\"og:site_name\" content=\"Parti des Travailleurs - Vaucluse\" \/>\n<meta property=\"article:published_time\" content=\"2024-10-03T04:20:40+00:00\" \/>\n<meta property=\"article:modified_time\" content=\"2024-10-03T04:27:51+00:00\" \/>\n<meta property=\"og:image\" content=\"https:\/\/pt84.fr\/wp-content\/uploads\/2024\/10\/IMG_1011.jpeg\" \/>\n<meta name=\"author\" content=\"Jacno\" \/>\n<meta name=\"twitter:card\" content=\"summary_large_image\" \/>\n<meta name=\"twitter:label1\" content=\"\u00c9crit par\" \/>\n\t<meta name=\"twitter:data1\" content=\"Jacno\" \/>\n\t<meta name=\"twitter:label2\" content=\"Dur\u00e9e de lecture estim\u00e9e\" \/>\n\t<meta name=\"twitter:data2\" content=\"3 minutes\" \/>\n<script type=\"application\/ld+json\" class=\"yoast-schema-graph\">{\"@context\":\"https:\/\/schema.org\",\"@graph\":[{\"@type\":\"Article\",\"@id\":\"https:\/\/pt84.fr\/index.php\/nen-deplaise-aux-hypocrites-de-tous-bords\/#article\",\"isPartOf\":{\"@id\":\"https:\/\/pt84.fr\/index.php\/nen-deplaise-aux-hypocrites-de-tous-bords\/\"},\"author\":{\"name\":\"Jacno\",\"@id\":\"https:\/\/pt84.fr\/#\/schema\/person\/8a8e3e58f6b52c1ca2f299f6dd1d9e1e\"},\"headline\":\"N\u2019en d\u00e9plaise aux hypocrites de tous bords\",\"datePublished\":\"2024-10-03T04:20:40+00:00\",\"dateModified\":\"2024-10-03T04:27:51+00:00\",\"mainEntityOfPage\":{\"@id\":\"https:\/\/pt84.fr\/index.php\/nen-deplaise-aux-hypocrites-de-tous-bords\/\"},\"wordCount\":621,\"publisher\":{\"@id\":\"https:\/\/pt84.fr\/#organization\"},\"articleSection\":[\"Editorial de La TT\"],\"inLanguage\":\"fr-FR\"},{\"@type\":\"WebPage\",\"@id\":\"https:\/\/pt84.fr\/index.php\/nen-deplaise-aux-hypocrites-de-tous-bords\/\",\"url\":\"https:\/\/pt84.fr\/index.php\/nen-deplaise-aux-hypocrites-de-tous-bords\/\",\"name\":\"N\u2019en d\u00e9plaise aux hypocrites de tous bords - Parti des Travailleurs - Vaucluse\",\"isPartOf\":{\"@id\":\"https:\/\/pt84.fr\/#website\"},\"datePublished\":\"2024-10-03T04:20:40+00:00\",\"dateModified\":\"2024-10-03T04:27:51+00:00\",\"breadcrumb\":{\"@id\":\"https:\/\/pt84.fr\/index.php\/nen-deplaise-aux-hypocrites-de-tous-bords\/#breadcrumb\"},\"inLanguage\":\"fr-FR\",\"potentialAction\":[{\"@type\":\"ReadAction\",\"target\":[\"https:\/\/pt84.fr\/index.php\/nen-deplaise-aux-hypocrites-de-tous-bords\/\"]}]},{\"@type\":\"BreadcrumbList\",\"@id\":\"https:\/\/pt84.fr\/index.php\/nen-deplaise-aux-hypocrites-de-tous-bords\/#breadcrumb\",\"itemListElement\":[{\"@type\":\"ListItem\",\"position\":1,\"name\":\"Accueil\",\"item\":\"https:\/\/pt84.fr\/\"},{\"@type\":\"ListItem\",\"position\":2,\"name\":\"N\u2019en d\u00e9plaise aux hypocrites de tous bords\"}]},{\"@type\":\"WebSite\",\"@id\":\"https:\/\/pt84.fr\/#website\",\"url\":\"https:\/\/pt84.fr\/\",\"name\":\"Parti des Travailleurs - Vaucluse\",\"description\":\"L&#039;\u00e9mancipation des travailleurs sera l&#039;\u0153uvre des travailleurs eux-m\u00eames\",\"publisher\":{\"@id\":\"https:\/\/pt84.fr\/#organization\"},\"alternateName\":\"PT84\",\"potentialAction\":[{\"@type\":\"SearchAction\",\"target\":{\"@type\":\"EntryPoint\",\"urlTemplate\":\"https:\/\/pt84.fr\/?s={search_term_string}\"},\"query-input\":\"required name=search_term_string\"}],\"inLanguage\":\"fr-FR\"},{\"@type\":\"Organization\",\"@id\":\"https:\/\/pt84.fr\/#organization\",\"name\":\"Parti des Travailleurs - Vaucluse\",\"url\":\"https:\/\/pt84.fr\/\",\"logo\":{\"@type\":\"ImageObject\",\"inLanguage\":\"fr-FR\",\"@id\":\"https:\/\/pt84.fr\/#\/schema\/logo\/image\/\",\"url\":\"https:\/\/pt84.fr\/wp-content\/uploads\/2023\/12\/logo-parti_des_travailleurs-2-lignes.jpg\",\"contentUrl\":\"https:\/\/pt84.fr\/wp-content\/uploads\/2023\/12\/logo-parti_des_travailleurs-2-lignes.jpg\",\"width\":496,\"height\":157,\"caption\":\"Parti des Travailleurs - Vaucluse\"},\"image\":{\"@id\":\"https:\/\/pt84.fr\/#\/schema\/logo\/image\/\"}},{\"@type\":\"Person\",\"@id\":\"https:\/\/pt84.fr\/#\/schema\/person\/8a8e3e58f6b52c1ca2f299f6dd1d9e1e\",\"name\":\"Jacno\",\"image\":{\"@type\":\"ImageObject\",\"inLanguage\":\"fr-FR\",\"@id\":\"https:\/\/pt84.fr\/#\/schema\/person\/image\/\",\"url\":\"https:\/\/secure.gravatar.com\/avatar\/f71dfe30c1cb4da11508c2fb960e32b5fb4d198f6c43239d094cbf845dbd1a04?s=96&d=mm&r=g\",\"contentUrl\":\"https:\/\/secure.gravatar.com\/avatar\/f71dfe30c1cb4da11508c2fb960e32b5fb4d198f6c43239d094cbf845dbd1a04?s=96&d=mm&r=g\",\"caption\":\"Jacno\"},\"sameAs\":[\"http:\/\/pt84.fr\"],\"url\":\"https:\/\/pt84.fr\/index.php\/author\/admin4322\/\"}]}<\/script>\n<!-- \/ Yoast SEO plugin. -->","yoast_head_json":{"title":"N\u2019en d\u00e9plaise aux hypocrites de tous bords - Parti des Travailleurs - Vaucluse","robots":{"index":"index","follow":"follow","max-snippet":"max-snippet:-1","max-image-preview":"max-image-preview:large","max-video-preview":"max-video-preview:-1"},"canonical":"https:\/\/pt84.fr\/index.php\/nen-deplaise-aux-hypocrites-de-tous-bords\/","og_locale":"fr_FR","og_type":"article","og_title":"N\u2019en d\u00e9plaise aux hypocrites de tous bords - Parti des Travailleurs - Vaucluse","og_description":"\u00c9ditorial de La Tribune des Travailleurs n\u00b0 459 du 2 octobre 2024 Par Daniel Gluckstein En d\u00e9clarant que&nbsp;\u00ab&nbsp;l\u2019\u00c9tat de droit, \u00e7a n\u2019est pas intangible, ni sacr\u00e9&nbsp;\u00bb, le ministre Retailleau s\u2019est attir\u00e9 les foudres de toutes les bonnes \u00e2mes du monde politique, \u00e0 gauche comme \u00e0 droite. Pourtant, Retailleau n\u2019a fait que dire \u00e0 haute voix &hellip; Continue reading N\u2019en d\u00e9plaise aux hypocrites de tous bords","og_url":"https:\/\/pt84.fr\/index.php\/nen-deplaise-aux-hypocrites-de-tous-bords\/","og_site_name":"Parti des Travailleurs - Vaucluse","article_published_time":"2024-10-03T04:20:40+00:00","article_modified_time":"2024-10-03T04:27:51+00:00","og_image":[{"url":"https:\/\/pt84.fr\/wp-content\/uploads\/2024\/10\/IMG_1011.jpeg"}],"author":"Jacno","twitter_card":"summary_large_image","twitter_misc":{"\u00c9crit par":"Jacno","Dur\u00e9e de lecture estim\u00e9e":"3 minutes"},"schema":{"@context":"https:\/\/schema.org","@graph":[{"@type":"Article","@id":"https:\/\/pt84.fr\/index.php\/nen-deplaise-aux-hypocrites-de-tous-bords\/#article","isPartOf":{"@id":"https:\/\/pt84.fr\/index.php\/nen-deplaise-aux-hypocrites-de-tous-bords\/"},"author":{"name":"Jacno","@id":"https:\/\/pt84.fr\/#\/schema\/person\/8a8e3e58f6b52c1ca2f299f6dd1d9e1e"},"headline":"N\u2019en d\u00e9plaise aux hypocrites de tous bords","datePublished":"2024-10-03T04:20:40+00:00","dateModified":"2024-10-03T04:27:51+00:00","mainEntityOfPage":{"@id":"https:\/\/pt84.fr\/index.php\/nen-deplaise-aux-hypocrites-de-tous-bords\/"},"wordCount":621,"publisher":{"@id":"https:\/\/pt84.fr\/#organization"},"articleSection":["Editorial de La TT"],"inLanguage":"fr-FR"},{"@type":"WebPage","@id":"https:\/\/pt84.fr\/index.php\/nen-deplaise-aux-hypocrites-de-tous-bords\/","url":"https:\/\/pt84.fr\/index.php\/nen-deplaise-aux-hypocrites-de-tous-bords\/","name":"N\u2019en d\u00e9plaise aux hypocrites de tous bords - Parti des Travailleurs - Vaucluse","isPartOf":{"@id":"https:\/\/pt84.fr\/#website"},"datePublished":"2024-10-03T04:20:40+00:00","dateModified":"2024-10-03T04:27:51+00:00","breadcrumb":{"@id":"https:\/\/pt84.fr\/index.php\/nen-deplaise-aux-hypocrites-de-tous-bords\/#breadcrumb"},"inLanguage":"fr-FR","potentialAction":[{"@type":"ReadAction","target":["https:\/\/pt84.fr\/index.php\/nen-deplaise-aux-hypocrites-de-tous-bords\/"]}]},{"@type":"BreadcrumbList","@id":"https:\/\/pt84.fr\/index.php\/nen-deplaise-aux-hypocrites-de-tous-bords\/#breadcrumb","itemListElement":[{"@type":"ListItem","position":1,"name":"Accueil","item":"https:\/\/pt84.fr\/"},{"@type":"ListItem","position":2,"name":"N\u2019en d\u00e9plaise aux hypocrites de tous bords"}]},{"@type":"WebSite","@id":"https:\/\/pt84.fr\/#website","url":"https:\/\/pt84.fr\/","name":"Parti des Travailleurs - Vaucluse","description":"L&#039;\u00e9mancipation des travailleurs sera l&#039;\u0153uvre des travailleurs eux-m\u00eames","publisher":{"@id":"https:\/\/pt84.fr\/#organization"},"alternateName":"PT84","potentialAction":[{"@type":"SearchAction","target":{"@type":"EntryPoint","urlTemplate":"https:\/\/pt84.fr\/?s={search_term_string}"},"query-input":"required name=search_term_string"}],"inLanguage":"fr-FR"},{"@type":"Organization","@id":"https:\/\/pt84.fr\/#organization","name":"Parti des Travailleurs - Vaucluse","url":"https:\/\/pt84.fr\/","logo":{"@type":"ImageObject","inLanguage":"fr-FR","@id":"https:\/\/pt84.fr\/#\/schema\/logo\/image\/","url":"https:\/\/pt84.fr\/wp-content\/uploads\/2023\/12\/logo-parti_des_travailleurs-2-lignes.jpg","contentUrl":"https:\/\/pt84.fr\/wp-content\/uploads\/2023\/12\/logo-parti_des_travailleurs-2-lignes.jpg","width":496,"height":157,"caption":"Parti des Travailleurs - Vaucluse"},"image":{"@id":"https:\/\/pt84.fr\/#\/schema\/logo\/image\/"}},{"@type":"Person","@id":"https:\/\/pt84.fr\/#\/schema\/person\/8a8e3e58f6b52c1ca2f299f6dd1d9e1e","name":"Jacno","image":{"@type":"ImageObject","inLanguage":"fr-FR","@id":"https:\/\/pt84.fr\/#\/schema\/person\/image\/","url":"https:\/\/secure.gravatar.com\/avatar\/f71dfe30c1cb4da11508c2fb960e32b5fb4d198f6c43239d094cbf845dbd1a04?s=96&d=mm&r=g","contentUrl":"https:\/\/secure.gravatar.com\/avatar\/f71dfe30c1cb4da11508c2fb960e32b5fb4d198f6c43239d094cbf845dbd1a04?s=96&d=mm&r=g","caption":"Jacno"},"sameAs":["http:\/\/pt84.fr"],"url":"https:\/\/pt84.fr\/index.php\/author\/admin4322\/"}]}},"_links":{"self":[{"href":"https:\/\/pt84.fr\/index.php\/wp-json\/wp\/v2\/posts\/2992","targetHints":{"allow":["GET"]}}],"collection":[{"href":"https:\/\/pt84.fr\/index.php\/wp-json\/wp\/v2\/posts"}],"about":[{"href":"https:\/\/pt84.fr\/index.php\/wp-json\/wp\/v2\/types\/post"}],"author":[{"embeddable":true,"href":"https:\/\/pt84.fr\/index.php\/wp-json\/wp\/v2\/users\/1"}],"replies":[{"embeddable":true,"href":"https:\/\/pt84.fr\/index.php\/wp-json\/wp\/v2\/comments?post=2992"}],"version-history":[{"count":2,"href":"https:\/\/pt84.fr\/index.php\/wp-json\/wp\/v2\/posts\/2992\/revisions"}],"predecessor-version":[{"id":2998,"href":"https:\/\/pt84.fr\/index.php\/wp-json\/wp\/v2\/posts\/2992\/revisions\/2998"}],"wp:attachment":[{"href":"https:\/\/pt84.fr\/index.php\/wp-json\/wp\/v2\/media?parent=2992"}],"wp:term":[{"taxonomy":"category","embeddable":true,"href":"https:\/\/pt84.fr\/index.php\/wp-json\/wp\/v2\/categories?post=2992"},{"taxonomy":"post_tag","embeddable":true,"href":"https:\/\/pt84.fr\/index.php\/wp-json\/wp\/v2\/tags?post=2992"}],"curies":[{"name":"wp","href":"https:\/\/api.w.org\/{rel}","templated":true}]}}