{"id":856,"date":"2022-01-31T07:37:21","date_gmt":"2022-01-31T06:37:21","guid":{"rendered":"https:\/\/poid84.fr\/?p=856"},"modified":"2023-12-23T16:20:47","modified_gmt":"2023-12-23T15:20:47","slug":"rencontre-avec-les-grevistes-de-lentreprise-faraud-sorgues-le-pontet-11-janvier-2022","status":"publish","type":"post","link":"https:\/\/pt84.fr\/index.php\/rencontre-avec-les-grevistes-de-lentreprise-faraud-sorgues-le-pontet-11-janvier-2022\/","title":{"rendered":"Rencontre avec les gr\u00e9vistes de l&#8217;entreprise Faraud (Sorgues &#8211; Le Pontet) &#8211; 11 janvier 2022"},"content":{"rendered":"\n<p>C\u2019est <strong>gr\u00e8ve \u00e0 l\u2019entreprise Charles et Alice Faraud \u00e0 Monteux<\/strong>, sp\u00e9cialis\u00e9e dans le conditionnement de desserts aux fruits. Le piquet de gr\u00e8ve c\u2019est une dizaine de militants. Au nom de ses camarades, la d\u00e9l\u00e9gu\u00e9e syndicale Fr\u00e9d\u00e9rique Hortal explique :<\/p>\n\n\n\n<blockquote class=\"wp-block-quote is-style-default is-layout-flow wp-block-quote-is-layout-flow\"><p><br>On en est au 10\u00e8me jour de gr\u00e8ve. On est 450 dans l\u2019entreprise, 80 % en gr\u00e8ve. On a organis\u00e9 3 piquets de gr\u00e8ve aux 3 entr\u00e9es de l\u2019entreprise, 2 \u00e0 Monteux et 1 au d\u00e9p\u00f4t de Sorgues. Nos salaires ne d\u00e9passent pas 2300 \u20ac bruts. On demande 100 \u20ac d\u2019augmentation par mois, tout de suite. Les patrons proposent 55 \u20ac. \u00c7a ne fait pas le compte. Eux ils ont b\u00e9n\u00e9fici\u00e9 du plan de relance et ils nous demandaient d\u2019attendre les n\u00e9gociations annuelles obligatoires pour le 17 janvier. Nous on ne peut pas attendre. Une info de derni\u00e8re minute : le patron a accept\u00e9 d\u2019avancer les n\u00e9gociations \u00e0 vendredi 14 janvier. On reste en gr\u00e8ve.<\/p><\/blockquote>\n\n\n\n<p><br>La gr\u00e8ve qui a dur\u00e9 2 semaines vient de se terminer victorieusement. La d\u00e9l\u00e9gu\u00e9e syndicale CGT a d\u00e9clar\u00e9 que<strong> les n\u00e9gociations avec le patron ont permis d\u2019obtenir une hausse des salaires de 85 euros net par mois pour les personnels en poste 3&#215;8 effectuant 38 heures hebdomadaires<\/strong> (ils demandaient 100 \u20ac nets). C&#8217;est la satisfaction chez les gr\u00e9vistes qui se sont mobilis\u00e9s \u00e0 80 %.<\/p>\n\n\n\n<div class=\"wp-block-image\"><figure class=\"aligncenter size-full\"><img loading=\"lazy\" decoding=\"async\" width=\"600\" height=\"338\" src=\"https:\/\/pt84.fr\/wp-content\/uploads\/2022\/01\/2022-01-12-Photo-piquet-Faraud-12-jan-22-01-2.jpg\" alt=\"\" class=\"wp-image-769\" srcset=\"https:\/\/pt84.fr\/wp-content\/uploads\/2022\/01\/2022-01-12-Photo-piquet-Faraud-12-jan-22-01-2.jpg 600w, https:\/\/pt84.fr\/wp-content\/uploads\/2022\/01\/2022-01-12-Photo-piquet-Faraud-12-jan-22-01-2-300x169.jpg 300w, https:\/\/pt84.fr\/wp-content\/uploads\/2022\/01\/2022-01-12-Photo-piquet-Faraud-12-jan-22-01-2-192x108.jpg 192w\" sizes=\"auto, (max-width: 600px) 100vw, 600px\" \/><\/figure><\/div>\n","protected":false},"excerpt":{"rendered":"<p>C\u2019est gr\u00e8ve \u00e0 l\u2019entreprise Charles et Alice Faraud \u00e0 Monteux, sp\u00e9cialis\u00e9e dans le conditionnement de desserts aux fruits. Le piquet de gr\u00e8ve c\u2019est une dizaine de militants. Au nom de ses camarades, la d\u00e9l\u00e9gu\u00e9e syndicale Fr\u00e9d\u00e9rique Hortal explique : On en est au 10\u00e8me jour de gr\u00e8ve. On est 450 dans l\u2019entreprise, 80 % en &hellip; <a href=\"https:\/\/pt84.fr\/index.php\/rencontre-avec-les-grevistes-de-lentreprise-faraud-sorgues-le-pontet-11-janvier-2022\/\" class=\"more-link\">Continue reading <span class=\"screen-reader-text\">Rencontre avec les gr\u00e9vistes de l&#8217;entreprise Faraud (Sorgues &#8211; Le Pontet) &#8211; 11 janvier 2022<\/span><\/a><\/p>\n","protected":false},"author":1,"featured_media":0,"comment_status":"closed","ping_status":"closed","sticky":false,"template":"","format":"standard","meta":{"footnotes":""},"categories":[15],"tags":[],"class_list":["post-856","post","type-post","status-publish","format-standard","hentry","category-infos-vaucluse"],"yoast_head":"<!-- This site is optimized with the Yoast SEO plugin v21.7 - https:\/\/yoast.com\/wordpress\/plugins\/seo\/ -->\n<title>Rencontre avec les gr\u00e9vistes de l&#039;entreprise Faraud (Sorgues - Le Pontet) - 11 janvier 2022 - Parti des Travailleurs - Vaucluse<\/title>\n<meta name=\"robots\" content=\"index, follow, max-snippet:-1, max-image-preview:large, max-video-preview:-1\" \/>\n<link rel=\"canonical\" href=\"https:\/\/pt84.fr\/index.php\/rencontre-avec-les-grevistes-de-lentreprise-faraud-sorgues-le-pontet-11-janvier-2022\/\" \/>\n<meta property=\"og:locale\" content=\"fr_FR\" \/>\n<meta property=\"og:type\" content=\"article\" \/>\n<meta property=\"og:title\" content=\"Rencontre avec les gr\u00e9vistes de l&#039;entreprise Faraud (Sorgues - Le Pontet) - 11 janvier 2022 - Parti des Travailleurs - Vaucluse\" \/>\n<meta property=\"og:description\" content=\"C\u2019est gr\u00e8ve \u00e0 l\u2019entreprise Charles et Alice Faraud \u00e0 Monteux, sp\u00e9cialis\u00e9e dans le conditionnement de desserts aux fruits. Le piquet de gr\u00e8ve c\u2019est une dizaine de militants. Au nom de ses camarades, la d\u00e9l\u00e9gu\u00e9e syndicale Fr\u00e9d\u00e9rique Hortal explique : On en est au 10\u00e8me jour de gr\u00e8ve. On est 450 dans l\u2019entreprise, 80 % en &hellip; Continue reading Rencontre avec les gr\u00e9vistes de l&#8217;entreprise Faraud (Sorgues &#8211; Le Pontet) &#8211; 11 janvier 2022\" \/>\n<meta property=\"og:url\" content=\"https:\/\/pt84.fr\/index.php\/rencontre-avec-les-grevistes-de-lentreprise-faraud-sorgues-le-pontet-11-janvier-2022\/\" \/>\n<meta property=\"og:site_name\" content=\"Parti des Travailleurs - Vaucluse\" \/>\n<meta property=\"article:published_time\" content=\"2022-01-31T06:37:21+00:00\" \/>\n<meta property=\"article:modified_time\" content=\"2023-12-23T15:20:47+00:00\" \/>\n<meta property=\"og:image\" content=\"https:\/\/pt84.fr\/wp-content\/uploads\/2022\/01\/2022-01-12-Photo-piquet-Faraud-12-jan-22-01-2.jpg\" \/>\n<meta name=\"author\" content=\"Jacno\" \/>\n<meta name=\"twitter:card\" content=\"summary_large_image\" \/>\n<meta name=\"twitter:label1\" content=\"\u00c9crit par\" \/>\n\t<meta name=\"twitter:data1\" content=\"Jacno\" \/>\n\t<meta name=\"twitter:label2\" content=\"Dur\u00e9e de lecture estim\u00e9e\" \/>\n\t<meta name=\"twitter:data2\" content=\"2 minutes\" \/>\n<script type=\"application\/ld+json\" class=\"yoast-schema-graph\">{\"@context\":\"https:\/\/schema.org\",\"@graph\":[{\"@type\":\"Article\",\"@id\":\"https:\/\/pt84.fr\/index.php\/rencontre-avec-les-grevistes-de-lentreprise-faraud-sorgues-le-pontet-11-janvier-2022\/#article\",\"isPartOf\":{\"@id\":\"https:\/\/pt84.fr\/index.php\/rencontre-avec-les-grevistes-de-lentreprise-faraud-sorgues-le-pontet-11-janvier-2022\/\"},\"author\":{\"name\":\"Jacno\",\"@id\":\"https:\/\/pt84.fr\/#\/schema\/person\/8a8e3e58f6b52c1ca2f299f6dd1d9e1e\"},\"headline\":\"Rencontre avec les gr\u00e9vistes de l&#8217;entreprise Faraud (Sorgues &#8211; Le Pontet) &#8211; 11 janvier 2022\",\"datePublished\":\"2022-01-31T06:37:21+00:00\",\"dateModified\":\"2023-12-23T15:20:47+00:00\",\"mainEntityOfPage\":{\"@id\":\"https:\/\/pt84.fr\/index.php\/rencontre-avec-les-grevistes-de-lentreprise-faraud-sorgues-le-pontet-11-janvier-2022\/\"},\"wordCount\":245,\"publisher\":{\"@id\":\"https:\/\/pt84.fr\/#organization\"},\"articleSection\":[\"Infos-activit\u00e9s\"],\"inLanguage\":\"fr-FR\"},{\"@type\":\"WebPage\",\"@id\":\"https:\/\/pt84.fr\/index.php\/rencontre-avec-les-grevistes-de-lentreprise-faraud-sorgues-le-pontet-11-janvier-2022\/\",\"url\":\"https:\/\/pt84.fr\/index.php\/rencontre-avec-les-grevistes-de-lentreprise-faraud-sorgues-le-pontet-11-janvier-2022\/\",\"name\":\"Rencontre avec les gr\u00e9vistes de l'entreprise Faraud (Sorgues - Le Pontet) - 11 janvier 2022 - Parti des Travailleurs - Vaucluse\",\"isPartOf\":{\"@id\":\"https:\/\/pt84.fr\/#website\"},\"datePublished\":\"2022-01-31T06:37:21+00:00\",\"dateModified\":\"2023-12-23T15:20:47+00:00\",\"breadcrumb\":{\"@id\":\"https:\/\/pt84.fr\/index.php\/rencontre-avec-les-grevistes-de-lentreprise-faraud-sorgues-le-pontet-11-janvier-2022\/#breadcrumb\"},\"inLanguage\":\"fr-FR\",\"potentialAction\":[{\"@type\":\"ReadAction\",\"target\":[\"https:\/\/pt84.fr\/index.php\/rencontre-avec-les-grevistes-de-lentreprise-faraud-sorgues-le-pontet-11-janvier-2022\/\"]}]},{\"@type\":\"BreadcrumbList\",\"@id\":\"https:\/\/pt84.fr\/index.php\/rencontre-avec-les-grevistes-de-lentreprise-faraud-sorgues-le-pontet-11-janvier-2022\/#breadcrumb\",\"itemListElement\":[{\"@type\":\"ListItem\",\"position\":1,\"name\":\"Accueil\",\"item\":\"https:\/\/pt84.fr\/\"},{\"@type\":\"ListItem\",\"position\":2,\"name\":\"Rencontre avec les gr\u00e9vistes de l&#8217;entreprise Faraud (Sorgues &#8211; Le Pontet) &#8211; 11 janvier 2022\"}]},{\"@type\":\"WebSite\",\"@id\":\"https:\/\/pt84.fr\/#website\",\"url\":\"https:\/\/pt84.fr\/\",\"name\":\"Parti des Travailleurs - Vaucluse\",\"description\":\"L&#039;\u00e9mancipation des travailleurs sera l&#039;\u0153uvre des travailleurs eux-m\u00eames\",\"publisher\":{\"@id\":\"https:\/\/pt84.fr\/#organization\"},\"alternateName\":\"PT84\",\"potentialAction\":[{\"@type\":\"SearchAction\",\"target\":{\"@type\":\"EntryPoint\",\"urlTemplate\":\"https:\/\/pt84.fr\/?s={search_term_string}\"},\"query-input\":\"required name=search_term_string\"}],\"inLanguage\":\"fr-FR\"},{\"@type\":\"Organization\",\"@id\":\"https:\/\/pt84.fr\/#organization\",\"name\":\"Parti des Travailleurs - Vaucluse\",\"url\":\"https:\/\/pt84.fr\/\",\"logo\":{\"@type\":\"ImageObject\",\"inLanguage\":\"fr-FR\",\"@id\":\"https:\/\/pt84.fr\/#\/schema\/logo\/image\/\",\"url\":\"https:\/\/pt84.fr\/wp-content\/uploads\/2023\/12\/logo-parti_des_travailleurs-2-lignes.jpg\",\"contentUrl\":\"https:\/\/pt84.fr\/wp-content\/uploads\/2023\/12\/logo-parti_des_travailleurs-2-lignes.jpg\",\"width\":496,\"height\":157,\"caption\":\"Parti des Travailleurs - Vaucluse\"},\"image\":{\"@id\":\"https:\/\/pt84.fr\/#\/schema\/logo\/image\/\"}},{\"@type\":\"Person\",\"@id\":\"https:\/\/pt84.fr\/#\/schema\/person\/8a8e3e58f6b52c1ca2f299f6dd1d9e1e\",\"name\":\"Jacno\",\"image\":{\"@type\":\"ImageObject\",\"inLanguage\":\"fr-FR\",\"@id\":\"https:\/\/pt84.fr\/#\/schema\/person\/image\/\",\"url\":\"https:\/\/secure.gravatar.com\/avatar\/f71dfe30c1cb4da11508c2fb960e32b5fb4d198f6c43239d094cbf845dbd1a04?s=96&d=mm&r=g\",\"contentUrl\":\"https:\/\/secure.gravatar.com\/avatar\/f71dfe30c1cb4da11508c2fb960e32b5fb4d198f6c43239d094cbf845dbd1a04?s=96&d=mm&r=g\",\"caption\":\"Jacno\"},\"sameAs\":[\"http:\/\/pt84.fr\"],\"url\":\"https:\/\/pt84.fr\/index.php\/author\/admin4322\/\"}]}<\/script>\n<!-- \/ Yoast SEO plugin. -->","yoast_head_json":{"title":"Rencontre avec les gr\u00e9vistes de l'entreprise Faraud (Sorgues - Le Pontet) - 11 janvier 2022 - Parti des Travailleurs - Vaucluse","robots":{"index":"index","follow":"follow","max-snippet":"max-snippet:-1","max-image-preview":"max-image-preview:large","max-video-preview":"max-video-preview:-1"},"canonical":"https:\/\/pt84.fr\/index.php\/rencontre-avec-les-grevistes-de-lentreprise-faraud-sorgues-le-pontet-11-janvier-2022\/","og_locale":"fr_FR","og_type":"article","og_title":"Rencontre avec les gr\u00e9vistes de l'entreprise Faraud (Sorgues - Le Pontet) - 11 janvier 2022 - Parti des Travailleurs - Vaucluse","og_description":"C\u2019est gr\u00e8ve \u00e0 l\u2019entreprise Charles et Alice Faraud \u00e0 Monteux, sp\u00e9cialis\u00e9e dans le conditionnement de desserts aux fruits. Le piquet de gr\u00e8ve c\u2019est une dizaine de militants. Au nom de ses camarades, la d\u00e9l\u00e9gu\u00e9e syndicale Fr\u00e9d\u00e9rique Hortal explique : On en est au 10\u00e8me jour de gr\u00e8ve. On est 450 dans l\u2019entreprise, 80 % en &hellip; Continue reading Rencontre avec les gr\u00e9vistes de l&#8217;entreprise Faraud (Sorgues &#8211; Le Pontet) &#8211; 11 janvier 2022","og_url":"https:\/\/pt84.fr\/index.php\/rencontre-avec-les-grevistes-de-lentreprise-faraud-sorgues-le-pontet-11-janvier-2022\/","og_site_name":"Parti des Travailleurs - Vaucluse","article_published_time":"2022-01-31T06:37:21+00:00","article_modified_time":"2023-12-23T15:20:47+00:00","og_image":[{"url":"https:\/\/pt84.fr\/wp-content\/uploads\/2022\/01\/2022-01-12-Photo-piquet-Faraud-12-jan-22-01-2.jpg"}],"author":"Jacno","twitter_card":"summary_large_image","twitter_misc":{"\u00c9crit par":"Jacno","Dur\u00e9e de lecture estim\u00e9e":"2 minutes"},"schema":{"@context":"https:\/\/schema.org","@graph":[{"@type":"Article","@id":"https:\/\/pt84.fr\/index.php\/rencontre-avec-les-grevistes-de-lentreprise-faraud-sorgues-le-pontet-11-janvier-2022\/#article","isPartOf":{"@id":"https:\/\/pt84.fr\/index.php\/rencontre-avec-les-grevistes-de-lentreprise-faraud-sorgues-le-pontet-11-janvier-2022\/"},"author":{"name":"Jacno","@id":"https:\/\/pt84.fr\/#\/schema\/person\/8a8e3e58f6b52c1ca2f299f6dd1d9e1e"},"headline":"Rencontre avec les gr\u00e9vistes de l&#8217;entreprise Faraud (Sorgues &#8211; Le Pontet) &#8211; 11 janvier 2022","datePublished":"2022-01-31T06:37:21+00:00","dateModified":"2023-12-23T15:20:47+00:00","mainEntityOfPage":{"@id":"https:\/\/pt84.fr\/index.php\/rencontre-avec-les-grevistes-de-lentreprise-faraud-sorgues-le-pontet-11-janvier-2022\/"},"wordCount":245,"publisher":{"@id":"https:\/\/pt84.fr\/#organization"},"articleSection":["Infos-activit\u00e9s"],"inLanguage":"fr-FR"},{"@type":"WebPage","@id":"https:\/\/pt84.fr\/index.php\/rencontre-avec-les-grevistes-de-lentreprise-faraud-sorgues-le-pontet-11-janvier-2022\/","url":"https:\/\/pt84.fr\/index.php\/rencontre-avec-les-grevistes-de-lentreprise-faraud-sorgues-le-pontet-11-janvier-2022\/","name":"Rencontre avec les gr\u00e9vistes de l'entreprise Faraud (Sorgues - Le Pontet) - 11 janvier 2022 - Parti des Travailleurs - Vaucluse","isPartOf":{"@id":"https:\/\/pt84.fr\/#website"},"datePublished":"2022-01-31T06:37:21+00:00","dateModified":"2023-12-23T15:20:47+00:00","breadcrumb":{"@id":"https:\/\/pt84.fr\/index.php\/rencontre-avec-les-grevistes-de-lentreprise-faraud-sorgues-le-pontet-11-janvier-2022\/#breadcrumb"},"inLanguage":"fr-FR","potentialAction":[{"@type":"ReadAction","target":["https:\/\/pt84.fr\/index.php\/rencontre-avec-les-grevistes-de-lentreprise-faraud-sorgues-le-pontet-11-janvier-2022\/"]}]},{"@type":"BreadcrumbList","@id":"https:\/\/pt84.fr\/index.php\/rencontre-avec-les-grevistes-de-lentreprise-faraud-sorgues-le-pontet-11-janvier-2022\/#breadcrumb","itemListElement":[{"@type":"ListItem","position":1,"name":"Accueil","item":"https:\/\/pt84.fr\/"},{"@type":"ListItem","position":2,"name":"Rencontre avec les gr\u00e9vistes de l&#8217;entreprise Faraud (Sorgues &#8211; Le Pontet) &#8211; 11 janvier 2022"}]},{"@type":"WebSite","@id":"https:\/\/pt84.fr\/#website","url":"https:\/\/pt84.fr\/","name":"Parti des Travailleurs - Vaucluse","description":"L&#039;\u00e9mancipation des travailleurs sera l&#039;\u0153uvre des travailleurs eux-m\u00eames","publisher":{"@id":"https:\/\/pt84.fr\/#organization"},"alternateName":"PT84","potentialAction":[{"@type":"SearchAction","target":{"@type":"EntryPoint","urlTemplate":"https:\/\/pt84.fr\/?s={search_term_string}"},"query-input":"required name=search_term_string"}],"inLanguage":"fr-FR"},{"@type":"Organization","@id":"https:\/\/pt84.fr\/#organization","name":"Parti des Travailleurs - Vaucluse","url":"https:\/\/pt84.fr\/","logo":{"@type":"ImageObject","inLanguage":"fr-FR","@id":"https:\/\/pt84.fr\/#\/schema\/logo\/image\/","url":"https:\/\/pt84.fr\/wp-content\/uploads\/2023\/12\/logo-parti_des_travailleurs-2-lignes.jpg","contentUrl":"https:\/\/pt84.fr\/wp-content\/uploads\/2023\/12\/logo-parti_des_travailleurs-2-lignes.jpg","width":496,"height":157,"caption":"Parti des Travailleurs - Vaucluse"},"image":{"@id":"https:\/\/pt84.fr\/#\/schema\/logo\/image\/"}},{"@type":"Person","@id":"https:\/\/pt84.fr\/#\/schema\/person\/8a8e3e58f6b52c1ca2f299f6dd1d9e1e","name":"Jacno","image":{"@type":"ImageObject","inLanguage":"fr-FR","@id":"https:\/\/pt84.fr\/#\/schema\/person\/image\/","url":"https:\/\/secure.gravatar.com\/avatar\/f71dfe30c1cb4da11508c2fb960e32b5fb4d198f6c43239d094cbf845dbd1a04?s=96&d=mm&r=g","contentUrl":"https:\/\/secure.gravatar.com\/avatar\/f71dfe30c1cb4da11508c2fb960e32b5fb4d198f6c43239d094cbf845dbd1a04?s=96&d=mm&r=g","caption":"Jacno"},"sameAs":["http:\/\/pt84.fr"],"url":"https:\/\/pt84.fr\/index.php\/author\/admin4322\/"}]}},"_links":{"self":[{"href":"https:\/\/pt84.fr\/index.php\/wp-json\/wp\/v2\/posts\/856","targetHints":{"allow":["GET"]}}],"collection":[{"href":"https:\/\/pt84.fr\/index.php\/wp-json\/wp\/v2\/posts"}],"about":[{"href":"https:\/\/pt84.fr\/index.php\/wp-json\/wp\/v2\/types\/post"}],"author":[{"embeddable":true,"href":"https:\/\/pt84.fr\/index.php\/wp-json\/wp\/v2\/users\/1"}],"replies":[{"embeddable":true,"href":"https:\/\/pt84.fr\/index.php\/wp-json\/wp\/v2\/comments?post=856"}],"version-history":[{"count":1,"href":"https:\/\/pt84.fr\/index.php\/wp-json\/wp\/v2\/posts\/856\/revisions"}],"predecessor-version":[{"id":2342,"href":"https:\/\/pt84.fr\/index.php\/wp-json\/wp\/v2\/posts\/856\/revisions\/2342"}],"wp:attachment":[{"href":"https:\/\/pt84.fr\/index.php\/wp-json\/wp\/v2\/media?parent=856"}],"wp:term":[{"taxonomy":"category","embeddable":true,"href":"https:\/\/pt84.fr\/index.php\/wp-json\/wp\/v2\/categories?post=856"},{"taxonomy":"post_tag","embeddable":true,"href":"https:\/\/pt84.fr\/index.php\/wp-json\/wp\/v2\/tags?post=856"}],"curies":[{"name":"wp","href":"https:\/\/api.w.org\/{rel}","templated":true}]}}